{"id":13803,"date":"2023-06-20T21:27:40","date_gmt":"2023-06-20T19:27:40","guid":{"rendered":"http:\/\/elem-granvelle-besancon.ac-besancon.fr\/?p=13803"},"modified":"2023-06-20T21:27:40","modified_gmt":"2023-06-20T19:27:40","slug":"video-le-lion-et-loiseau","status":"publish","type":"post","link":"http:\/\/elem-granvelle-besancon.ac-besancon.fr\/?p=13803","title":{"rendered":"Vid\u00e9o : &#8220;Le lion et l&#8217;oiseau&#8221;"},"content":{"rendered":"<div>Chers parents, La classe de CM1-CM2, le dispositif ULIS et leurs enseignantes respectives Anne Marquis et Maud Jacquot ont la joie de vous pr\u00e9senter le film du spectacle &#8220;Le Lion et l&#8217;oiseau&#8221; d&#8217;apr\u00e8s une histoire de Marianne Dubuc. Ce film est t\u00e9l\u00e9chargeable depuis ce lien jusqu&#8217;au 2 juillet. Attention, il ne sera plus disponible apr\u00e8s cette date.<\/div>\n<div>https:\/\/www.grosfichiers.com\/CqvahgydUdg<\/div>\n","protected":false},"excerpt":{"rendered":"<p>Chers parents, La classe de CM1-CM2, le dispositif ULIS et leurs enseignantes respectives Anne Marquis et Maud Jacquot ont la joie de vous pr\u00e9senter le film du spectacle &#8220;Le Lion et l&#8217;oiseau&#8221; d&#8217;apr\u00e8s une histoire de Marianne Dubuc. Ce film &hellip; <a href=\"http:\/\/elem-granvelle-besancon.ac-besancon.fr\/?p=13803\">Continuer la lecture <span class=\"meta-nav\">&rarr;<\/span><\/a><\/p>\n","protected":false},"author":16,"featured_media":0,"comment_status":"closed","ping_status":"open","sticky":false,"template":"","format":"standard","meta":{"footnotes":""},"categories":[1,43,2],"tags":[],"class_list":["post-13803","post","type-post","status-publish","format-standard","hentry","category-classe-cm2","category-classe-ulis","category-infos-parents"],"_links":{"self":[{"href":"http:\/\/elem-granvelle-besancon.ac-besancon.fr\/index.php?rest_route=\/wp\/v2\/posts\/13803","targetHints":{"allow":["GET"]}}],"collection":[{"href":"http:\/\/elem-granvelle-besancon.ac-besancon.fr\/index.php?rest_route=\/wp\/v2\/posts"}],"about":[{"href":"http:\/\/elem-granvelle-besancon.ac-besancon.fr\/index.php?rest_route=\/wp\/v2\/types\/post"}],"author":[{"embeddable":true,"href":"http:\/\/elem-granvelle-besancon.ac-besancon.fr\/index.php?rest_route=\/wp\/v2\/users\/16"}],"replies":[{"embeddable":true,"href":"http:\/\/elem-granvelle-besancon.ac-besancon.fr\/index.php?rest_route=%2Fwp%2Fv2%2Fcomments&post=13803"}],"version-history":[{"count":1,"href":"http:\/\/elem-granvelle-besancon.ac-besancon.fr\/index.php?rest_route=\/wp\/v2\/posts\/13803\/revisions"}],"predecessor-version":[{"id":13804,"href":"http:\/\/elem-granvelle-besancon.ac-besancon.fr\/index.php?rest_route=\/wp\/v2\/posts\/13803\/revisions\/13804"}],"wp:attachment":[{"href":"http:\/\/elem-granvelle-besancon.ac-besancon.fr\/index.php?rest_route=%2Fwp%2Fv2%2Fmedia&parent=13803"}],"wp:term":[{"taxonomy":"category","embeddable":true,"href":"http:\/\/elem-granvelle-besancon.ac-besancon.fr\/index.php?rest_route=%2Fwp%2Fv2%2Fcategories&post=13803"},{"taxonomy":"post_tag","embeddable":true,"href":"http:\/\/elem-granvelle-besancon.ac-besancon.fr\/index.php?rest_route=%2Fwp%2Fv2%2Ftags&post=13803"}],"curies":[{"name":"wp","href":"https:\/\/api.w.org\/{rel}","templated":true}]}}