{"id":13830,"date":"2023-09-21T09:46:19","date_gmt":"2023-09-21T07:46:19","guid":{"rendered":"http:\/\/elem-granvelle-besancon.ac-besancon.fr\/?p=13830"},"modified":"2023-09-21T09:50:33","modified_gmt":"2023-09-21T07:50:33","slug":"reunion-de-rentree-de-lapeeg","status":"publish","type":"post","link":"http:\/\/elem-granvelle-besancon.ac-besancon.fr\/?p=13830","title":{"rendered":"R\u00e9union de rentr\u00e9e de l&#8217;APEEG"},"content":{"rendered":"<p><img loading=\"lazy\" decoding=\"async\" class=\"aligncenter size-full wp-image-13832\" src=\"http:\/\/elem-granvelle-besancon.ac-besancon.fr\/wp-content\/uploads\/sites\/15\/2023\/09\/image-apeeg.jpg\" alt=\"\" width=\"478\" height=\"276\" srcset=\"http:\/\/elem-granvelle-besancon.ac-besancon.fr\/wp-content\/uploads\/sites\/15\/2023\/09\/image-apeeg.jpg 478w, http:\/\/elem-granvelle-besancon.ac-besancon.fr\/wp-content\/uploads\/sites\/15\/2023\/09\/image-apeeg-300x173.jpg 300w\" sizes=\"auto, (max-width: 478px) 100vw, 478px\" \/><span style=\"font-weight: 300\">L&#8217;APEEG fait sa rentr\u00e9e le jeudi 21 septembre \u00e0 18h00 \u00e0 l&#8217;\u00e9cole. L&#8217;assembl\u00e9e g\u00e9n\u00e9rale vous permettra de venir rencontrer l&#8217;association et\/ou en fonction de vos possibilit\u00e9s, devenir membre actif pour aider sur une ou plusieurs manifestations ou pour soumettre vos id\u00e9es.<\/span><\/p>\n","protected":false},"excerpt":{"rendered":"<p>L&#8217;APEEG fait sa rentr\u00e9e le jeudi 21 septembre \u00e0 18h00 \u00e0 l&#8217;\u00e9cole. L&#8217;assembl\u00e9e g\u00e9n\u00e9rale vous permettra de venir rencontrer l&#8217;association et\/ou en fonction de vos possibilit\u00e9s, devenir membre actif pour aider sur une ou plusieurs manifestations ou pour soumettre vos &hellip; <a href=\"http:\/\/elem-granvelle-besancon.ac-besancon.fr\/?p=13830\">Continuer la lecture <span class=\"meta-nav\">&rarr;<\/span><\/a><\/p>\n","protected":false},"author":16,"featured_media":0,"comment_status":"closed","ping_status":"open","sticky":false,"template":"","format":"standard","meta":{"footnotes":""},"categories":[15,2],"tags":[],"class_list":["post-13830","post","type-post","status-publish","format-standard","hentry","category-apeeg","category-infos-parents"],"_links":{"self":[{"href":"http:\/\/elem-granvelle-besancon.ac-besancon.fr\/index.php?rest_route=\/wp\/v2\/posts\/13830","targetHints":{"allow":["GET"]}}],"collection":[{"href":"http:\/\/elem-granvelle-besancon.ac-besancon.fr\/index.php?rest_route=\/wp\/v2\/posts"}],"about":[{"href":"http:\/\/elem-granvelle-besancon.ac-besancon.fr\/index.php?rest_route=\/wp\/v2\/types\/post"}],"author":[{"embeddable":true,"href":"http:\/\/elem-granvelle-besancon.ac-besancon.fr\/index.php?rest_route=\/wp\/v2\/users\/16"}],"replies":[{"embeddable":true,"href":"http:\/\/elem-granvelle-besancon.ac-besancon.fr\/index.php?rest_route=%2Fwp%2Fv2%2Fcomments&post=13830"}],"version-history":[{"count":3,"href":"http:\/\/elem-granvelle-besancon.ac-besancon.fr\/index.php?rest_route=\/wp\/v2\/posts\/13830\/revisions"}],"predecessor-version":[{"id":13834,"href":"http:\/\/elem-granvelle-besancon.ac-besancon.fr\/index.php?rest_route=\/wp\/v2\/posts\/13830\/revisions\/13834"}],"wp:attachment":[{"href":"http:\/\/elem-granvelle-besancon.ac-besancon.fr\/index.php?rest_route=%2Fwp%2Fv2%2Fmedia&parent=13830"}],"wp:term":[{"taxonomy":"category","embeddable":true,"href":"http:\/\/elem-granvelle-besancon.ac-besancon.fr\/index.php?rest_route=%2Fwp%2Fv2%2Fcategories&post=13830"},{"taxonomy":"post_tag","embeddable":true,"href":"http:\/\/elem-granvelle-besancon.ac-besancon.fr\/index.php?rest_route=%2Fwp%2Fv2%2Ftags&post=13830"}],"curies":[{"name":"wp","href":"https:\/\/api.w.org\/{rel}","templated":true}]}}