{"id":13923,"date":"2025-11-17T15:09:57","date_gmt":"2025-11-17T14:09:57","guid":{"rendered":"http:\/\/elem-granvelle-besancon.ac-besancon.fr\/?p=13923"},"modified":"2025-11-17T15:36:02","modified_gmt":"2025-11-17T14:36:02","slug":"noel-en-bibliotheque","status":"publish","type":"post","link":"http:\/\/elem-granvelle-besancon.ac-besancon.fr\/?p=13923","title":{"rendered":"No\u00ebl en Biblioth\u00e8que"},"content":{"rendered":"<p>Ateliers, karaok\u00e9, histoires, spectacles&#8230;<br \/>\nDu 1er au 24 d\u00e9cembre, vivez la magie de No\u00ebl dans vos biblioth\u00e8ques.<\/p>\n<p><a href=\"http:\/\/elem-granvelle-besancon.ac-besancon.fr\/wp-content\/uploads\/sites\/15\/2023\/11\/Programme-Noel-en-bibliotheque_WEB.pdf\">Programme No\u00ebl en biblioth\u00e8que_WEB<\/a><\/p>\n<p><a href=\"http:\/\/elem-granvelle-besancon.ac-besancon.fr\/wp-content\/uploads\/sites\/15\/2023\/11\/Programme-Noel-en-bibliotheque_WEB.pdf\"><img loading=\"lazy\" decoding=\"async\" class=\"aligncenter wp-image-16388 size-large\" src=\"http:\/\/elem-granvelle-besancon.ac-besancon.fr\/wp-content\/uploads\/sites\/15\/2023\/11\/Noel-en-Bibliotheque-1024x733.png\" alt=\"\" width=\"584\" height=\"418\" srcset=\"http:\/\/elem-granvelle-besancon.ac-besancon.fr\/wp-content\/uploads\/sites\/15\/2023\/11\/Noel-en-Bibliotheque-1024x733.png 1024w, http:\/\/elem-granvelle-besancon.ac-besancon.fr\/wp-content\/uploads\/sites\/15\/2023\/11\/Noel-en-Bibliotheque-300x215.png 300w, http:\/\/elem-granvelle-besancon.ac-besancon.fr\/wp-content\/uploads\/sites\/15\/2023\/11\/Noel-en-Bibliotheque-768x550.png 768w, http:\/\/elem-granvelle-besancon.ac-besancon.fr\/wp-content\/uploads\/sites\/15\/2023\/11\/Noel-en-Bibliotheque-419x300.png 419w, http:\/\/elem-granvelle-besancon.ac-besancon.fr\/wp-content\/uploads\/sites\/15\/2023\/11\/Noel-en-Bibliotheque-1320x945.png 1320w, http:\/\/elem-granvelle-besancon.ac-besancon.fr\/wp-content\/uploads\/sites\/15\/2023\/11\/Noel-en-Bibliotheque.png 1325w\" sizes=\"auto, (max-width: 584px) 100vw, 584px\" \/><\/a><\/p>\n","protected":false},"excerpt":{"rendered":"<p>Ateliers, karaok\u00e9, histoires, spectacles&#8230; Du 1er au 24 d\u00e9cembre, vivez la magie de No\u00ebl dans vos biblioth\u00e8ques. Programme No\u00ebl en biblioth\u00e8que_WEB<\/p>\n","protected":false},"author":16,"featured_media":0,"comment_status":"closed","ping_status":"open","sticky":false,"template":"","format":"standard","meta":{"footnotes":""},"categories":[2],"tags":[],"class_list":["post-13923","post","type-post","status-publish","format-standard","hentry","category-infos-parents"],"_links":{"self":[{"href":"http:\/\/elem-granvelle-besancon.ac-besancon.fr\/index.php?rest_route=\/wp\/v2\/posts\/13923","targetHints":{"allow":["GET"]}}],"collection":[{"href":"http:\/\/elem-granvelle-besancon.ac-besancon.fr\/index.php?rest_route=\/wp\/v2\/posts"}],"about":[{"href":"http:\/\/elem-granvelle-besancon.ac-besancon.fr\/index.php?rest_route=\/wp\/v2\/types\/post"}],"author":[{"embeddable":true,"href":"http:\/\/elem-granvelle-besancon.ac-besancon.fr\/index.php?rest_route=\/wp\/v2\/users\/16"}],"replies":[{"embeddable":true,"href":"http:\/\/elem-granvelle-besancon.ac-besancon.fr\/index.php?rest_route=%2Fwp%2Fv2%2Fcomments&post=13923"}],"version-history":[{"count":3,"href":"http:\/\/elem-granvelle-besancon.ac-besancon.fr\/index.php?rest_route=\/wp\/v2\/posts\/13923\/revisions"}],"predecessor-version":[{"id":16390,"href":"http:\/\/elem-granvelle-besancon.ac-besancon.fr\/index.php?rest_route=\/wp\/v2\/posts\/13923\/revisions\/16390"}],"wp:attachment":[{"href":"http:\/\/elem-granvelle-besancon.ac-besancon.fr\/index.php?rest_route=%2Fwp%2Fv2%2Fmedia&parent=13923"}],"wp:term":[{"taxonomy":"category","embeddable":true,"href":"http:\/\/elem-granvelle-besancon.ac-besancon.fr\/index.php?rest_route=%2Fwp%2Fv2%2Fcategories&post=13923"},{"taxonomy":"post_tag","embeddable":true,"href":"http:\/\/elem-granvelle-besancon.ac-besancon.fr\/index.php?rest_route=%2Fwp%2Fv2%2Ftags&post=13923"}],"curies":[{"name":"wp","href":"https:\/\/api.w.org\/{rel}","templated":true}]}}