{"id":13927,"date":"2023-11-30T09:43:05","date_gmt":"2023-11-30T08:43:05","guid":{"rendered":"http:\/\/elem-granvelle-besancon.ac-besancon.fr\/?p=13927"},"modified":"2023-11-30T09:43:05","modified_gmt":"2023-11-30T08:43:05","slug":"fete-de-noel","status":"publish","type":"post","link":"http:\/\/elem-granvelle-besancon.ac-besancon.fr\/?p=13927","title":{"rendered":"F\u00eate de No\u00ebl"},"content":{"rendered":"<p>Vendredi 15 d\u00e9cembre 2023, venez nous retrouver sous le pr\u00e9au de l&#8217;\u00e9cole primaire :<br \/>\nMarch\u00e9 de No\u00ebl \u00e0 partir de 16h45 et chorale des \u00e9l\u00e8ves de primaire \u00e0 18h !<\/p>\n<p><a href=\"http:\/\/elem-granvelle-besancon.ac-besancon.fr\/wp-content\/uploads\/sites\/15\/2023\/11\/APEEG-affiche-A3-fete-de-noel-15-decembre-2023.pdf\">F\u00eate de no\u00ebl 15 d\u00e9cembre 2023 avec l&#8217;APEEG<\/a><\/p>\n<p><img loading=\"lazy\" decoding=\"async\" class=\"aligncenter size-large wp-image-13928\" src=\"http:\/\/elem-granvelle-besancon.ac-besancon.fr\/wp-content\/uploads\/sites\/15\/2023\/11\/affiche-fete-de-Noel-722x1024.jpg\" alt=\"\" width=\"584\" height=\"828\" srcset=\"http:\/\/elem-granvelle-besancon.ac-besancon.fr\/wp-content\/uploads\/sites\/15\/2023\/11\/affiche-fete-de-Noel-722x1024.jpg 722w, http:\/\/elem-granvelle-besancon.ac-besancon.fr\/wp-content\/uploads\/sites\/15\/2023\/11\/affiche-fete-de-Noel-211x300.jpg 211w, http:\/\/elem-granvelle-besancon.ac-besancon.fr\/wp-content\/uploads\/sites\/15\/2023\/11\/affiche-fete-de-Noel-600x851.jpg 600w, http:\/\/elem-granvelle-besancon.ac-besancon.fr\/wp-content\/uploads\/sites\/15\/2023\/11\/affiche-fete-de-Noel.jpg 759w\" sizes=\"auto, (max-width: 584px) 100vw, 584px\" \/><\/p>\n","protected":false},"excerpt":{"rendered":"<p>Vendredi 15 d\u00e9cembre 2023, venez nous retrouver sous le pr\u00e9au de l&#8217;\u00e9cole primaire : March\u00e9 de No\u00ebl \u00e0 partir de 16h45 et chorale des \u00e9l\u00e8ves de primaire \u00e0 18h ! F\u00eate de no\u00ebl 15 d\u00e9cembre 2023 avec l&#8217;APEEG<\/p>\n","protected":false},"author":16,"featured_media":0,"comment_status":"closed","ping_status":"open","sticky":false,"template":"","format":"standard","meta":{"footnotes":""},"categories":[15,2],"tags":[],"class_list":["post-13927","post","type-post","status-publish","format-standard","hentry","category-apeeg","category-infos-parents"],"_links":{"self":[{"href":"http:\/\/elem-granvelle-besancon.ac-besancon.fr\/index.php?rest_route=\/wp\/v2\/posts\/13927","targetHints":{"allow":["GET"]}}],"collection":[{"href":"http:\/\/elem-granvelle-besancon.ac-besancon.fr\/index.php?rest_route=\/wp\/v2\/posts"}],"about":[{"href":"http:\/\/elem-granvelle-besancon.ac-besancon.fr\/index.php?rest_route=\/wp\/v2\/types\/post"}],"author":[{"embeddable":true,"href":"http:\/\/elem-granvelle-besancon.ac-besancon.fr\/index.php?rest_route=\/wp\/v2\/users\/16"}],"replies":[{"embeddable":true,"href":"http:\/\/elem-granvelle-besancon.ac-besancon.fr\/index.php?rest_route=%2Fwp%2Fv2%2Fcomments&post=13927"}],"version-history":[{"count":1,"href":"http:\/\/elem-granvelle-besancon.ac-besancon.fr\/index.php?rest_route=\/wp\/v2\/posts\/13927\/revisions"}],"predecessor-version":[{"id":13930,"href":"http:\/\/elem-granvelle-besancon.ac-besancon.fr\/index.php?rest_route=\/wp\/v2\/posts\/13927\/revisions\/13930"}],"wp:attachment":[{"href":"http:\/\/elem-granvelle-besancon.ac-besancon.fr\/index.php?rest_route=%2Fwp%2Fv2%2Fmedia&parent=13927"}],"wp:term":[{"taxonomy":"category","embeddable":true,"href":"http:\/\/elem-granvelle-besancon.ac-besancon.fr\/index.php?rest_route=%2Fwp%2Fv2%2Fcategories&post=13927"},{"taxonomy":"post_tag","embeddable":true,"href":"http:\/\/elem-granvelle-besancon.ac-besancon.fr\/index.php?rest_route=%2Fwp%2Fv2%2Ftags&post=13927"}],"curies":[{"name":"wp","href":"https:\/\/api.w.org\/{rel}","templated":true}]}}