{"id":13934,"date":"2023-11-30T15:28:52","date_gmt":"2023-11-30T14:28:52","guid":{"rendered":"http:\/\/elem-granvelle-besancon.ac-besancon.fr\/?p=13934"},"modified":"2023-11-30T15:28:52","modified_gmt":"2023-11-30T14:28:52","slug":"mecenat-comment-ca-marche","status":"publish","type":"post","link":"http:\/\/elem-granvelle-besancon.ac-besancon.fr\/?p=13934","title":{"rendered":"M\u00e9c\u00e9nat : comment \u00e7a marche ?"},"content":{"rendered":"<p>Pour financer les projets de l&#8217;ann\u00e9e (classe d\u00e9couverte des CP et CE1, voyage \u00e0 Paris pour les CE2, CM1 et CM2) et de pratiquer des co\u00fbts raisonnables pour les familles, l&#8217;id\u00e9e a \u00e9t\u00e9 \u00e9mise en conseil d&#8217;\u00e9cole de faire appel au m\u00e9c\u00e9nat.<\/p>\n<p><strong>Pour qui ?<\/strong><\/p>\n<p>Depuis la loi du 1er ao\u00fbt 2003 les avantages fiscaux incitent les entreprises \u00e0 soutenir les projets associatifs, renfor\u00e7ant ainsi les possibilit\u00e9s pour les associations et les entreprises de d\u00e9velopper des projets en commun. L&#8217;\u00e9cole n&#8217;\u00e9tant pas \u00e9ligible \u00e0 ce type de dons , ce serait l&#8217;association de Parents d&#8217;\u00e9l\u00e8ves (l&#8217;APEEG) qui r\u00e9colterait les fonds pour ensuite participer aux projets de l&#8217;ann\u00e9e.<\/p>\n<p><strong>Comment ?<\/strong><\/p>\n<p>L\u2019entreprise peut d\u00e9velopper sa politique de m\u00e9c\u00e9nat sous diff\u00e9rentes formes :<br \/>\nLe m\u00e9c\u00e9nat financier, c\u2019est-\u00e0-dire des dons en num\u00e9raire (ch\u00e8ques, virements, etc.).<br \/>\nLe m\u00e9c\u00e9nat en nature :<br \/>\n\u25a0 Le don d\u2019un bien immobilis\u00e9 (v\u00e9hicule, mobilier,<br \/>\nmat\u00e9riel, etc.),<br \/>\n\u25a0 La fourniture de marchandises en stock<br \/>\n(\u00e9quipements sportifs, ordinateur, etc.),<br \/>\n\u25a0 L\u2019ex\u00e9cution de prestations de services<br \/>\n(r\u00e9parations, entretien, imprimerie, etc.)<\/p>\n<p><strong>Dispositif ?<\/strong><\/p>\n<p>La loi pr\u00e9voit que les versements effectu\u00e9s par les entreprises au titre du m\u00e9c\u00e9nat entra\u00eenent une r\u00e9duction d\u2019imp\u00f4ts \u00e9gale \u00e0 60 % de la somme vers\u00e9e, pris dans la limite de 20 000 \u20ac ou de 5 pour mille (0,5%) du chiffre d\u2019affaires lorsque ce dernier montant est plus \u00e9lev\u00e9, et de 40% pour la fraction des dons sup\u00e9rieure \u00e0 2 M\u20ac.<\/p>\n","protected":false},"excerpt":{"rendered":"<p>Pour financer les projets de l&#8217;ann\u00e9e (classe d\u00e9couverte des CP et CE1, voyage \u00e0 Paris pour les CE2, CM1 et CM2) et de pratiquer des co\u00fbts raisonnables pour les familles, l&#8217;id\u00e9e a \u00e9t\u00e9 \u00e9mise en conseil d&#8217;\u00e9cole de faire appel &hellip; <a href=\"http:\/\/elem-granvelle-besancon.ac-besancon.fr\/?p=13934\">Continuer la lecture <span class=\"meta-nav\">&rarr;<\/span><\/a><\/p>\n","protected":false},"author":16,"featured_media":0,"comment_status":"closed","ping_status":"open","sticky":false,"template":"","format":"standard","meta":{"footnotes":""},"categories":[2],"tags":[],"class_list":["post-13934","post","type-post","status-publish","format-standard","hentry","category-infos-parents"],"_links":{"self":[{"href":"http:\/\/elem-granvelle-besancon.ac-besancon.fr\/index.php?rest_route=\/wp\/v2\/posts\/13934","targetHints":{"allow":["GET"]}}],"collection":[{"href":"http:\/\/elem-granvelle-besancon.ac-besancon.fr\/index.php?rest_route=\/wp\/v2\/posts"}],"about":[{"href":"http:\/\/elem-granvelle-besancon.ac-besancon.fr\/index.php?rest_route=\/wp\/v2\/types\/post"}],"author":[{"embeddable":true,"href":"http:\/\/elem-granvelle-besancon.ac-besancon.fr\/index.php?rest_route=\/wp\/v2\/users\/16"}],"replies":[{"embeddable":true,"href":"http:\/\/elem-granvelle-besancon.ac-besancon.fr\/index.php?rest_route=%2Fwp%2Fv2%2Fcomments&post=13934"}],"version-history":[{"count":1,"href":"http:\/\/elem-granvelle-besancon.ac-besancon.fr\/index.php?rest_route=\/wp\/v2\/posts\/13934\/revisions"}],"predecessor-version":[{"id":13935,"href":"http:\/\/elem-granvelle-besancon.ac-besancon.fr\/index.php?rest_route=\/wp\/v2\/posts\/13934\/revisions\/13935"}],"wp:attachment":[{"href":"http:\/\/elem-granvelle-besancon.ac-besancon.fr\/index.php?rest_route=%2Fwp%2Fv2%2Fmedia&parent=13934"}],"wp:term":[{"taxonomy":"category","embeddable":true,"href":"http:\/\/elem-granvelle-besancon.ac-besancon.fr\/index.php?rest_route=%2Fwp%2Fv2%2Fcategories&post=13934"},{"taxonomy":"post_tag","embeddable":true,"href":"http:\/\/elem-granvelle-besancon.ac-besancon.fr\/index.php?rest_route=%2Fwp%2Fv2%2Ftags&post=13934"}],"curies":[{"name":"wp","href":"https:\/\/api.w.org\/{rel}","templated":true}]}}