{"id":14035,"date":"2024-02-02T14:20:47","date_gmt":"2024-02-02T13:20:47","guid":{"rendered":"http:\/\/elem-granvelle-besancon.ac-besancon.fr\/?p=14035"},"modified":"2024-02-02T14:20:47","modified_gmt":"2024-02-02T13:20:47","slug":"grosse-ambiance-au-kursaal","status":"publish","type":"post","link":"http:\/\/elem-granvelle-besancon.ac-besancon.fr\/?p=14035","title":{"rendered":"Grosse ambiance au Kursaal"},"content":{"rendered":"<p>C&#8217;est dans une ambiance survolt\u00e9e que les \u00e9l\u00e8ves ont accueilli <a href=\"https:\/\/www.infoconcert.com\/artiste\/kosh-70054\/concerts.html?menu=biographie\">Kosh<\/a> au Kursaal, dans le cadre du festival &#8220;Dr\u00f4lement bien&#8221;. Un spectacle touchant, rythm\u00e9 par du beatbox, qui a beaucoup plu aux \u00e9l\u00e8ves. Merci \u00e0 l&#8217;\u00e9quipe de NG production pour cette initiative.<\/p>\n<p><iframe loading=\"lazy\" class=\"wp-embedded-content\" sandbox=\"allow-scripts\" security=\"restricted\" title=\"Kosh au Kursaal 2\" width=\"560\" height=\"315\" src=\"https:\/\/tube-cycle-2.apps.education.fr\/videos\/embed\/c8a3539c-6b49-421b-868d-26e18d8f573b#?secret=udQy9gFKNO\" data-secret=\"udQy9gFKNO\" frameborder=\"0\"><\/iframe><\/p>\n","protected":false},"excerpt":{"rendered":"<p>C&#8217;est dans une ambiance survolt\u00e9e que les \u00e9l\u00e8ves ont accueilli Kosh au Kursaal, dans le cadre du festival &#8220;Dr\u00f4lement bien&#8221;. Un spectacle touchant, rythm\u00e9 par du beatbox, qui a beaucoup plu aux \u00e9l\u00e8ves. Merci \u00e0 l&#8217;\u00e9quipe de NG production pour &hellip; <a href=\"http:\/\/elem-granvelle-besancon.ac-besancon.fr\/?p=14035\">Continuer la lecture <span class=\"meta-nav\">&rarr;<\/span><\/a><\/p>\n","protected":false},"author":16,"featured_media":0,"comment_status":"closed","ping_status":"open","sticky":false,"template":"","format":"standard","meta":{"footnotes":""},"categories":[3],"tags":[],"class_list":["post-14035","post","type-post","status-publish","format-standard","hentry","category-les-classes"],"_links":{"self":[{"href":"http:\/\/elem-granvelle-besancon.ac-besancon.fr\/index.php?rest_route=\/wp\/v2\/posts\/14035","targetHints":{"allow":["GET"]}}],"collection":[{"href":"http:\/\/elem-granvelle-besancon.ac-besancon.fr\/index.php?rest_route=\/wp\/v2\/posts"}],"about":[{"href":"http:\/\/elem-granvelle-besancon.ac-besancon.fr\/index.php?rest_route=\/wp\/v2\/types\/post"}],"author":[{"embeddable":true,"href":"http:\/\/elem-granvelle-besancon.ac-besancon.fr\/index.php?rest_route=\/wp\/v2\/users\/16"}],"replies":[{"embeddable":true,"href":"http:\/\/elem-granvelle-besancon.ac-besancon.fr\/index.php?rest_route=%2Fwp%2Fv2%2Fcomments&post=14035"}],"version-history":[{"count":1,"href":"http:\/\/elem-granvelle-besancon.ac-besancon.fr\/index.php?rest_route=\/wp\/v2\/posts\/14035\/revisions"}],"predecessor-version":[{"id":14036,"href":"http:\/\/elem-granvelle-besancon.ac-besancon.fr\/index.php?rest_route=\/wp\/v2\/posts\/14035\/revisions\/14036"}],"wp:attachment":[{"href":"http:\/\/elem-granvelle-besancon.ac-besancon.fr\/index.php?rest_route=%2Fwp%2Fv2%2Fmedia&parent=14035"}],"wp:term":[{"taxonomy":"category","embeddable":true,"href":"http:\/\/elem-granvelle-besancon.ac-besancon.fr\/index.php?rest_route=%2Fwp%2Fv2%2Fcategories&post=14035"},{"taxonomy":"post_tag","embeddable":true,"href":"http:\/\/elem-granvelle-besancon.ac-besancon.fr\/index.php?rest_route=%2Fwp%2Fv2%2Ftags&post=14035"}],"curies":[{"name":"wp","href":"https:\/\/api.w.org\/{rel}","templated":true}]}}