{"id":15496,"date":"2024-05-02T15:11:22","date_gmt":"2024-05-02T13:11:22","guid":{"rendered":"http:\/\/elem-granvelle-besancon.ac-besancon.fr\/?p=15496"},"modified":"2024-05-03T09:53:14","modified_gmt":"2024-05-03T07:53:14","slug":"paris-le-programme-complet","status":"publish","type":"post","link":"http:\/\/elem-granvelle-besancon.ac-besancon.fr\/?p=15496","title":{"rendered":"Paris : le programme complet"},"content":{"rendered":"<p>Suite \u00e0 un refus du Mus\u00e9e d&#8217;Orsay de nous accueillir (le Mus\u00e9e serait complet&#8230;), le programme est l\u00e9g\u00e8rement modifi\u00e9. Voici les d\u00e9tails de la sortie :<\/p>\n<ul>\n<li>Date : 07 mai 2024<\/li>\n<li>Lieu : Paris<\/li>\n<li>Transport en TGV<\/li>\n<li>Rendez-vous hall de la gare Viotte \u00e0 6h00<\/li>\n<li>Aller : d\u00e9part de la gare Viotte : 6h37 &#8211; arriv\u00e9e \u00e0 Paris Gare de Lyon : 9h08<\/li>\n<li>Retour\u00a0: d\u00e9part Gare de de Lyon\u00a0: 16h52 &#8211; arriv\u00e9e Gare Viotte\u00a0: 19h26<\/li>\n<\/ul>\n<p><span style=\"font-size: 12pt\">Il faudra apporter un pique-nique et un go\u00fbter (merci d&#8217;\u00e9viter les emballages jetables et autres d\u00e9chets, type briques carton ou bouteilles plastiques). Privil\u00e9giez des gourdes d&#8217;eau \u00e0 des boissons sucr\u00e9es. Pensez \u00e0 \u00e9quiper vos enfants d\u2019une tenue adapt\u00e9e \u00e0 la m\u00e9t\u00e9o et de chaussures confortables.<\/span><\/p>\n<p>Les consoles de jeux et t\u00e9l\u00e9phones portables ne seront pas autoris\u00e9s, mais les enfants pourront apporter un appareil photo.<\/p>\n<p><strong>Activit\u00e9s :<\/strong><\/p>\n<p><img loading=\"lazy\" decoding=\"async\" class=\"aligncenter size-large wp-image-15497\" src=\"http:\/\/elem-granvelle-besancon.ac-besancon.fr\/wp-content\/uploads\/sites\/15\/2024\/05\/paris-1024x265.jpg\" alt=\"\" width=\"584\" height=\"151\" srcset=\"http:\/\/elem-granvelle-besancon.ac-besancon.fr\/wp-content\/uploads\/sites\/15\/2024\/05\/paris-1024x265.jpg 1024w, http:\/\/elem-granvelle-besancon.ac-besancon.fr\/wp-content\/uploads\/sites\/15\/2024\/05\/paris-300x77.jpg 300w, http:\/\/elem-granvelle-besancon.ac-besancon.fr\/wp-content\/uploads\/sites\/15\/2024\/05\/paris-768x198.jpg 768w, http:\/\/elem-granvelle-besancon.ac-besancon.fr\/wp-content\/uploads\/sites\/15\/2024\/05\/paris-600x155.jpg 600w, http:\/\/elem-granvelle-besancon.ac-besancon.fr\/wp-content\/uploads\/sites\/15\/2024\/05\/paris-1536x397.jpg 1536w, http:\/\/elem-granvelle-besancon.ac-besancon.fr\/wp-content\/uploads\/sites\/15\/2024\/05\/paris-500x129.jpg 500w, http:\/\/elem-granvelle-besancon.ac-besancon.fr\/wp-content\/uploads\/sites\/15\/2024\/05\/paris.jpg 1893w\" sizes=\"auto, (max-width: 584px) 100vw, 584px\" \/><\/p>\n<ul>\n<li>Visite du <a href=\"https:\/\/www.quaibranly.fr\/fr\/\">Mus\u00e9e du quai Branly<\/a><\/li>\n<li>Visite de Paris en bateau mouche<\/li>\n<li>Pique-nique au Champ de Mars<\/li>\n<li>Promenade sur les quais et go\u00fbter au jardin des Tuileries (d\u00e9pendant de l&#8217;emploi du temps)<\/li>\n<\/ul>\n<p>Attention, pas de panne de r\u00e9veil, le train n&#8217;attendra pas. Aucun remboursement des billets de train ne sera possible.<\/p>\n","protected":false},"excerpt":{"rendered":"<p>Suite \u00e0 un refus du Mus\u00e9e d&#8217;Orsay de nous accueillir (le Mus\u00e9e serait complet&#8230;), le programme est l\u00e9g\u00e8rement modifi\u00e9. Voici les d\u00e9tails de la sortie : Date : 07 mai 2024 Lieu : Paris Transport en TGV Rendez-vous hall de &hellip; <a href=\"http:\/\/elem-granvelle-besancon.ac-besancon.fr\/?p=15496\">Continuer la lecture <span class=\"meta-nav\">&rarr;<\/span><\/a><\/p>\n","protected":false},"author":16,"featured_media":0,"comment_status":"closed","ping_status":"open","sticky":false,"template":"","format":"standard","meta":{"footnotes":""},"categories":[42,7,1,2,3],"tags":[],"class_list":["post-15496","post","type-post","status-publish","format-standard","hentry","category-classe-ce2","category-classe-cm1","category-classe-cm2","category-infos-parents","category-les-classes"],"_links":{"self":[{"href":"http:\/\/elem-granvelle-besancon.ac-besancon.fr\/index.php?rest_route=\/wp\/v2\/posts\/15496","targetHints":{"allow":["GET"]}}],"collection":[{"href":"http:\/\/elem-granvelle-besancon.ac-besancon.fr\/index.php?rest_route=\/wp\/v2\/posts"}],"about":[{"href":"http:\/\/elem-granvelle-besancon.ac-besancon.fr\/index.php?rest_route=\/wp\/v2\/types\/post"}],"author":[{"embeddable":true,"href":"http:\/\/elem-granvelle-besancon.ac-besancon.fr\/index.php?rest_route=\/wp\/v2\/users\/16"}],"replies":[{"embeddable":true,"href":"http:\/\/elem-granvelle-besancon.ac-besancon.fr\/index.php?rest_route=%2Fwp%2Fv2%2Fcomments&post=15496"}],"version-history":[{"count":7,"href":"http:\/\/elem-granvelle-besancon.ac-besancon.fr\/index.php?rest_route=\/wp\/v2\/posts\/15496\/revisions"}],"predecessor-version":[{"id":15504,"href":"http:\/\/elem-granvelle-besancon.ac-besancon.fr\/index.php?rest_route=\/wp\/v2\/posts\/15496\/revisions\/15504"}],"wp:attachment":[{"href":"http:\/\/elem-granvelle-besancon.ac-besancon.fr\/index.php?rest_route=%2Fwp%2Fv2%2Fmedia&parent=15496"}],"wp:term":[{"taxonomy":"category","embeddable":true,"href":"http:\/\/elem-granvelle-besancon.ac-besancon.fr\/index.php?rest_route=%2Fwp%2Fv2%2Fcategories&post=15496"},{"taxonomy":"post_tag","embeddable":true,"href":"http:\/\/elem-granvelle-besancon.ac-besancon.fr\/index.php?rest_route=%2Fwp%2Fv2%2Ftags&post=15496"}],"curies":[{"name":"wp","href":"https:\/\/api.w.org\/{rel}","templated":true}]}}