{"id":15537,"date":"2024-06-20T14:19:37","date_gmt":"2024-06-20T12:19:37","guid":{"rendered":"http:\/\/elem-granvelle-besancon.ac-besancon.fr\/?p=15537"},"modified":"2024-06-20T16:35:07","modified_gmt":"2024-06-20T14:35:07","slug":"fete-decole-2","status":"publish","type":"post","link":"http:\/\/elem-granvelle-besancon.ac-besancon.fr\/?p=15537","title":{"rendered":"F\u00eate d&#8217;\u00e9cole"},"content":{"rendered":"<p>Dans la cadre de notre f\u00eate d&#8217;\u00e9cole vendredi 21 juin, il est bon de rappeler que les parents peuvent (doivent ?) apporter des g\u00e2teaux sucr\u00e9s pour offrir en dessert et qu&#8217;ils n&#8217;oublient pas la vente des tickets de tombola \u00e0 d\u00e9poser dans bo\u00eete aux lettres Apeeg.\u00a0 \u00a0N&#8217;oubliez pas vos \u00e9co-cup !<\/p>\n<p>Le programme Ci-dessous<\/p>\n<p><img loading=\"lazy\" decoding=\"async\" class=\"aligncenter size-full wp-image-15533\" src=\"http:\/\/elem-granvelle-besancon.ac-besancon.fr\/wp-content\/uploads\/sites\/15\/2021\/09\/fete-ecole-juin-2024.png\" alt=\"\" width=\"533\" height=\"743\" srcset=\"http:\/\/elem-granvelle-besancon.ac-besancon.fr\/wp-content\/uploads\/sites\/15\/2021\/09\/fete-ecole-juin-2024.png 533w, http:\/\/elem-granvelle-besancon.ac-besancon.fr\/wp-content\/uploads\/sites\/15\/2021\/09\/fete-ecole-juin-2024-215x300.png 215w\" sizes=\"auto, (max-width: 533px) 100vw, 533px\" \/><\/p>\n<div dir=\"auto\"><\/div>\n<div dir=\"auto\"><\/div>\n","protected":false},"excerpt":{"rendered":"<p>Dans la cadre de notre f\u00eate d&#8217;\u00e9cole vendredi 21 juin, il est bon de rappeler que les parents peuvent (doivent ?) apporter des g\u00e2teaux sucr\u00e9s pour offrir en dessert et qu&#8217;ils n&#8217;oublient pas la vente des tickets de tombola \u00e0 &hellip; <a href=\"http:\/\/elem-granvelle-besancon.ac-besancon.fr\/?p=15537\">Continuer la lecture <span class=\"meta-nav\">&rarr;<\/span><\/a><\/p>\n","protected":false},"author":16,"featured_media":0,"comment_status":"closed","ping_status":"open","sticky":false,"template":"","format":"standard","meta":{"footnotes":""},"categories":[15,2],"tags":[],"class_list":["post-15537","post","type-post","status-publish","format-standard","hentry","category-apeeg","category-infos-parents"],"_links":{"self":[{"href":"http:\/\/elem-granvelle-besancon.ac-besancon.fr\/index.php?rest_route=\/wp\/v2\/posts\/15537","targetHints":{"allow":["GET"]}}],"collection":[{"href":"http:\/\/elem-granvelle-besancon.ac-besancon.fr\/index.php?rest_route=\/wp\/v2\/posts"}],"about":[{"href":"http:\/\/elem-granvelle-besancon.ac-besancon.fr\/index.php?rest_route=\/wp\/v2\/types\/post"}],"author":[{"embeddable":true,"href":"http:\/\/elem-granvelle-besancon.ac-besancon.fr\/index.php?rest_route=\/wp\/v2\/users\/16"}],"replies":[{"embeddable":true,"href":"http:\/\/elem-granvelle-besancon.ac-besancon.fr\/index.php?rest_route=%2Fwp%2Fv2%2Fcomments&post=15537"}],"version-history":[{"count":1,"href":"http:\/\/elem-granvelle-besancon.ac-besancon.fr\/index.php?rest_route=\/wp\/v2\/posts\/15537\/revisions"}],"predecessor-version":[{"id":15538,"href":"http:\/\/elem-granvelle-besancon.ac-besancon.fr\/index.php?rest_route=\/wp\/v2\/posts\/15537\/revisions\/15538"}],"wp:attachment":[{"href":"http:\/\/elem-granvelle-besancon.ac-besancon.fr\/index.php?rest_route=%2Fwp%2Fv2%2Fmedia&parent=15537"}],"wp:term":[{"taxonomy":"category","embeddable":true,"href":"http:\/\/elem-granvelle-besancon.ac-besancon.fr\/index.php?rest_route=%2Fwp%2Fv2%2Fcategories&post=15537"},{"taxonomy":"post_tag","embeddable":true,"href":"http:\/\/elem-granvelle-besancon.ac-besancon.fr\/index.php?rest_route=%2Fwp%2Fv2%2Ftags&post=15537"}],"curies":[{"name":"wp","href":"https:\/\/api.w.org\/{rel}","templated":true}]}}