{"id":15544,"date":"2024-06-27T16:30:56","date_gmt":"2024-06-27T14:30:56","guid":{"rendered":"http:\/\/elem-granvelle-besancon.ac-besancon.fr\/?p=15544"},"modified":"2024-06-27T16:30:56","modified_gmt":"2024-06-27T14:30:56","slug":"journee-sportive","status":"publish","type":"post","link":"http:\/\/elem-granvelle-besancon.ac-besancon.fr\/?p=15544","title":{"rendered":"Journ\u00e9e sportive"},"content":{"rendered":"<p><span style=\"font-family: Arial, sans-serif\"><span style=\"font-size: large\"><span style=\"color: #000000\">Madame, Monsieur,<\/span><\/span><\/span><\/p>\n<p align=\"justify\"><span style=\"color: #000000\"><span style=\"font-family: Arial, sans-serif\"><span style=\"font-size: large\">Toute l\u2019\u00e9cole participera \u00e0 une <\/span><\/span><\/span><span style=\"color: #000000\"><span style=\"font-family: Arial, sans-serif\"><span style=\"font-size: large\">jour<\/span><\/span><\/span><span style=\"color: #000000\"><span style=\"font-family: Arial, sans-serif\"><span style=\"font-size: large\">n\u00e9e <\/span><\/span><\/span><span style=\"color: #000000\"><span style=\"font-family: Arial, sans-serif\"><span style=\"font-size: large\">sport au parc de la Gare d\u2019Eau<\/span><\/span><\/span><span style=\"color: #000000\"><span style=\"font-family: Arial, sans-serif\"><span style=\"font-size: large\"> le <\/span><\/span><\/span><span style=\"color: #000000\"><span style=\"font-family: Arial, sans-serif\"><span style=\"font-size: large\">jeu<\/span><\/span><\/span><span style=\"color: #000000\"><span style=\"font-family: Arial, sans-serif\"><span style=\"font-size: large\">di <\/span><\/span><\/span><span style=\"color: #000000\"><span style=\"font-family: Arial, sans-serif\"><span style=\"font-size: large\">4<\/span><\/span><\/span><span style=\"color: #000000\"><span style=\"font-family: Arial, sans-serif\"><span style=\"font-size: large\"> juillet<\/span><\/span><\/span><span style=\"color: #000000\"><span style=\"font-family: Arial, sans-serif\"><span style=\"font-size: large\">. <\/span><\/span><\/span><span style=\"color: #000000\"><span style=\"font-family: Arial, sans-serif\"><span style=\"font-size: large\">Pensez \u00e0 \u00e9quiper vos enfants d\u2019une tenue adapt\u00e9e \u00e0 la m\u00e9t\u00e9o et \u00e0 la pratique du sport (baskets, short ou surv\u00eatement). N\u2019oubliez pas une gourde ou une bouteille d\u2019eau (\u00e9vitez les boissons sucr\u00e9es). <\/span><\/span><\/span><\/p>\n<p align=\"justify\"><span style=\"font-size: large\"><span style=\"color: #000000\"><span style=\"font-family: Arial, sans-serif\">Pour le pique-nique, l\u2019objectif est de r\u00e9aliser un pique-nique\u00a0<\/span><\/span><span style=\"color: #000000\"><b>Z\u00e9ro d\u00e9chet.\u00a0<\/b><\/span><span style=\"color: #000000\">Le repas tir\u00e9 du sac devra \u00eatre pens\u00e9 avec votre enfant pour que le moins de d\u00e9chets possibles soient produits \u00e0 cette occasion.<\/span><\/span><\/p>\n<p align=\"justify\"><span style=\"color: #000000\"><span style=\"font-family: Arial, sans-serif\"><span style=\"font-size: large\">L&#8217;id\u00e9e g\u00e9n\u00e9rale est : <b>FAIRE MAISON<\/b> ! Sandwich avec du pain de boulangerie plut\u00f4t que du pain de mie sous plastique (ou pire, triangle tout fait sous emballage), chips maison au four, fruit plut\u00f4t que compote emball\u00e9e, fromage \u00e0 la place du yaourt \u00e0 boire et gourde d&#8217;eau (sirop ?) plut\u00f4t que boisson sucr\u00e9e achet\u00e9e en cannette ou bouteille en plastique.<\/span><\/span><\/span><\/p>\n<ul type=\"square\">\n<li>\n<p align=\"justify\"><span style=\"color: #000000\"> <span style=\"font-family: Arial, sans-serif\"><span style=\"font-size: large\">D\u00e9part \u00e0 9h <\/span><\/span><\/span><span style=\"color: #000000\">de l\u2019\u00e9cole<\/span><\/p>\n<\/li>\n<li>\n<p align=\"justify\"><span style=\"color: #000000\"> <span style=\"font-family: Arial, sans-serif\"><span style=\"font-size: large\">9<\/span><\/span><\/span><span style=\"color: #000000\">h<\/span><span style=\"color: #000000\">30<\/span><span style=\"color: #000000\"> : <\/span><span style=\"color: #000000\">d\u00e9part en randonn\u00e9e (Chaudanne)<\/span><\/p>\n<\/li>\n<li>\n<p align=\"justify\"><span style=\"color: #000000\"> <span style=\"font-family: Arial, sans-serif\"><span style=\"font-size: large\">12h : retour gare d\u2019eau pour le pique-nique et jeux libres (les parents qui le souhaitent pourront nous rejoindre).<\/span><\/span><\/span><\/p>\n<\/li>\n<li>\n<p align=\"justify\"><span style=\"color: #000000\"> <span style=\"font-family: Arial, sans-serif\"><span style=\"font-size: large\">13h30-15h30 : ateliers dans le parc (foot, molky, Freesbee\u2026)<\/span><\/span><\/span><\/p>\n<\/li>\n<\/ul>\n<p align=\"justify\"><span style=\"font-family: Arial, sans-serif\"><span style=\"font-size: large\"><span style=\"color: #000000\">Nous aurons besoin d\u2019accompagnateurs pour encadrer cette journ\u00e9e. Merci de vous signaler aupr\u00e8s de l\u2019enseignant de votre enfant si vous \u00eates disponible.<\/span><\/span><\/span><\/p>\n","protected":false},"excerpt":{"rendered":"<p>Madame, Monsieur, Toute l\u2019\u00e9cole participera \u00e0 une journ\u00e9e sport au parc de la Gare d\u2019Eau le jeudi 4 juillet. Pensez \u00e0 \u00e9quiper vos enfants d\u2019une tenue adapt\u00e9e \u00e0 la m\u00e9t\u00e9o et \u00e0 la pratique du sport (baskets, short ou surv\u00eatement). &hellip; <a href=\"http:\/\/elem-granvelle-besancon.ac-besancon.fr\/?p=15544\">Continuer la lecture <span class=\"meta-nav\">&rarr;<\/span><\/a><\/p>\n","protected":false},"author":16,"featured_media":0,"comment_status":"closed","ping_status":"open","sticky":false,"template":"","format":"standard","meta":{"footnotes":""},"categories":[2],"tags":[],"class_list":["post-15544","post","type-post","status-publish","format-standard","hentry","category-infos-parents"],"_links":{"self":[{"href":"http:\/\/elem-granvelle-besancon.ac-besancon.fr\/index.php?rest_route=\/wp\/v2\/posts\/15544","targetHints":{"allow":["GET"]}}],"collection":[{"href":"http:\/\/elem-granvelle-besancon.ac-besancon.fr\/index.php?rest_route=\/wp\/v2\/posts"}],"about":[{"href":"http:\/\/elem-granvelle-besancon.ac-besancon.fr\/index.php?rest_route=\/wp\/v2\/types\/post"}],"author":[{"embeddable":true,"href":"http:\/\/elem-granvelle-besancon.ac-besancon.fr\/index.php?rest_route=\/wp\/v2\/users\/16"}],"replies":[{"embeddable":true,"href":"http:\/\/elem-granvelle-besancon.ac-besancon.fr\/index.php?rest_route=%2Fwp%2Fv2%2Fcomments&post=15544"}],"version-history":[{"count":1,"href":"http:\/\/elem-granvelle-besancon.ac-besancon.fr\/index.php?rest_route=\/wp\/v2\/posts\/15544\/revisions"}],"predecessor-version":[{"id":15545,"href":"http:\/\/elem-granvelle-besancon.ac-besancon.fr\/index.php?rest_route=\/wp\/v2\/posts\/15544\/revisions\/15545"}],"wp:attachment":[{"href":"http:\/\/elem-granvelle-besancon.ac-besancon.fr\/index.php?rest_route=%2Fwp%2Fv2%2Fmedia&parent=15544"}],"wp:term":[{"taxonomy":"category","embeddable":true,"href":"http:\/\/elem-granvelle-besancon.ac-besancon.fr\/index.php?rest_route=%2Fwp%2Fv2%2Fcategories&post=15544"},{"taxonomy":"post_tag","embeddable":true,"href":"http:\/\/elem-granvelle-besancon.ac-besancon.fr\/index.php?rest_route=%2Fwp%2Fv2%2Ftags&post=15544"}],"curies":[{"name":"wp","href":"https:\/\/api.w.org\/{rel}","templated":true}]}}