{"id":16088,"date":"2025-01-28T15:00:04","date_gmt":"2025-01-28T14:00:04","guid":{"rendered":"http:\/\/elem-granvelle-besancon.ac-besancon.fr\/?p=16088"},"modified":"2025-01-28T15:08:13","modified_gmt":"2025-01-28T14:08:13","slug":"stage-reussite","status":"publish","type":"post","link":"http:\/\/elem-granvelle-besancon.ac-besancon.fr\/?p=16088","title":{"rendered":"Stage r\u00e9ussite"},"content":{"rendered":"<p>Un &#8220;stage r\u00e9ussite&#8221; est organis\u00e9 pendant les prochaines vacances pour les \u00e9l\u00e8ves volontaires du CP au CM2, du 24 au 27 f\u00e9vrier. Il se teindra dans une \u00e9cole qui ne sera probablement pas l&#8217;\u00e9cole Granvelle avec un enseignant d&#8217;une autre \u00e9cole.<\/p>\n<p>Les modalit\u00e9s vous seront transmises le plus rapidement possible.<\/p>\n<p>Veuillez trouver ci dessous le document \u00e0 t\u00e9l\u00e9charger ou n&#8217;h\u00e9sitez pas \u00e0 le demander \u00e0 l&#8217;enseignant-e de votre enfant.<\/p>\n<p><a href=\"http:\/\/elem-granvelle-besancon.ac-besancon.fr\/wp-content\/uploads\/sites\/15\/2025\/01\/2-lettre-type-aux-parents-deleves-4.pdf\">Inscription stage r\u00e9ussite f\u00e9vrier 2025<\/a><\/p>\n","protected":false},"excerpt":{"rendered":"<p>Un &#8220;stage r\u00e9ussite&#8221; est organis\u00e9 pendant les prochaines vacances pour les \u00e9l\u00e8ves volontaires du CP au CM2, du 24 au 27 f\u00e9vrier. Il se teindra dans une \u00e9cole qui ne sera probablement pas l&#8217;\u00e9cole Granvelle avec un enseignant d&#8217;une autre &hellip; <a href=\"http:\/\/elem-granvelle-besancon.ac-besancon.fr\/?p=16088\">Continuer la lecture <span class=\"meta-nav\">&rarr;<\/span><\/a><\/p>\n","protected":false},"author":16,"featured_media":0,"comment_status":"closed","ping_status":"open","sticky":false,"template":"","format":"standard","meta":{"footnotes":""},"categories":[3],"tags":[],"class_list":["post-16088","post","type-post","status-publish","format-standard","hentry","category-les-classes"],"_links":{"self":[{"href":"http:\/\/elem-granvelle-besancon.ac-besancon.fr\/index.php?rest_route=\/wp\/v2\/posts\/16088","targetHints":{"allow":["GET"]}}],"collection":[{"href":"http:\/\/elem-granvelle-besancon.ac-besancon.fr\/index.php?rest_route=\/wp\/v2\/posts"}],"about":[{"href":"http:\/\/elem-granvelle-besancon.ac-besancon.fr\/index.php?rest_route=\/wp\/v2\/types\/post"}],"author":[{"embeddable":true,"href":"http:\/\/elem-granvelle-besancon.ac-besancon.fr\/index.php?rest_route=\/wp\/v2\/users\/16"}],"replies":[{"embeddable":true,"href":"http:\/\/elem-granvelle-besancon.ac-besancon.fr\/index.php?rest_route=%2Fwp%2Fv2%2Fcomments&post=16088"}],"version-history":[{"count":1,"href":"http:\/\/elem-granvelle-besancon.ac-besancon.fr\/index.php?rest_route=\/wp\/v2\/posts\/16088\/revisions"}],"predecessor-version":[{"id":16090,"href":"http:\/\/elem-granvelle-besancon.ac-besancon.fr\/index.php?rest_route=\/wp\/v2\/posts\/16088\/revisions\/16090"}],"wp:attachment":[{"href":"http:\/\/elem-granvelle-besancon.ac-besancon.fr\/index.php?rest_route=%2Fwp%2Fv2%2Fmedia&parent=16088"}],"wp:term":[{"taxonomy":"category","embeddable":true,"href":"http:\/\/elem-granvelle-besancon.ac-besancon.fr\/index.php?rest_route=%2Fwp%2Fv2%2Fcategories&post=16088"},{"taxonomy":"post_tag","embeddable":true,"href":"http:\/\/elem-granvelle-besancon.ac-besancon.fr\/index.php?rest_route=%2Fwp%2Fv2%2Ftags&post=16088"}],"curies":[{"name":"wp","href":"https:\/\/api.w.org\/{rel}","templated":true}]}}