{"id":16579,"date":"2026-03-16T08:57:05","date_gmt":"2026-03-16T07:57:05","guid":{"rendered":"http:\/\/elem-granvelle-besancon.ac-besancon.fr\/?p=16579"},"modified":"2026-03-16T08:57:05","modified_gmt":"2026-03-16T07:57:05","slug":"le-projet-des-cm2-ulis","status":"publish","type":"post","link":"http:\/\/elem-granvelle-besancon.ac-besancon.fr\/?p=16579","title":{"rendered":"Le projet des CM2-ULIS"},"content":{"rendered":"<p>Retrouvez <a href=\"https:\/\/www.canva.com\/design\/DAHDDwoJ1JA\/5cWakVhGUAF3cRfSwTIaCw\/edit\">le tr\u00e8s joli projet<\/a> de nos \u00e9l\u00e8ves de CM2 et du dispositif ULIS.<\/p>\n<p><a href=\"https:\/\/www.canva.com\/design\/DAHDDwoJ1JA\/5cWakVhGUAF3cRfSwTIaCw\/edit\"><img loading=\"lazy\" decoding=\"async\" class=\"aligncenter wp-image-16580 size-large\" src=\"http:\/\/elem-granvelle-besancon.ac-besancon.fr\/wp-content\/uploads\/sites\/15\/2026\/03\/Carnet-de-voyage-1024x576.jpg\" alt=\"\" width=\"584\" height=\"329\" srcset=\"http:\/\/elem-granvelle-besancon.ac-besancon.fr\/wp-content\/uploads\/sites\/15\/2026\/03\/Carnet-de-voyage-1024x576.jpg 1024w, http:\/\/elem-granvelle-besancon.ac-besancon.fr\/wp-content\/uploads\/sites\/15\/2026\/03\/Carnet-de-voyage-300x169.jpg 300w, http:\/\/elem-granvelle-besancon.ac-besancon.fr\/wp-content\/uploads\/sites\/15\/2026\/03\/Carnet-de-voyage-768x432.jpg 768w, http:\/\/elem-granvelle-besancon.ac-besancon.fr\/wp-content\/uploads\/sites\/15\/2026\/03\/Carnet-de-voyage-500x281.jpg 500w, http:\/\/elem-granvelle-besancon.ac-besancon.fr\/wp-content\/uploads\/sites\/15\/2026\/03\/Carnet-de-voyage.jpg 1156w\" sizes=\"auto, (max-width: 584px) 100vw, 584px\" \/><\/a><\/p>\n","protected":false},"excerpt":{"rendered":"<p>Retrouvez le tr\u00e8s joli projet de nos \u00e9l\u00e8ves de CM2 et du dispositif ULIS.<\/p>\n","protected":false},"author":16,"featured_media":0,"comment_status":"closed","ping_status":"open","sticky":false,"template":"","format":"standard","meta":{"footnotes":""},"categories":[3],"tags":[],"class_list":["post-16579","post","type-post","status-publish","format-standard","hentry","category-les-classes"],"_links":{"self":[{"href":"http:\/\/elem-granvelle-besancon.ac-besancon.fr\/index.php?rest_route=\/wp\/v2\/posts\/16579","targetHints":{"allow":["GET"]}}],"collection":[{"href":"http:\/\/elem-granvelle-besancon.ac-besancon.fr\/index.php?rest_route=\/wp\/v2\/posts"}],"about":[{"href":"http:\/\/elem-granvelle-besancon.ac-besancon.fr\/index.php?rest_route=\/wp\/v2\/types\/post"}],"author":[{"embeddable":true,"href":"http:\/\/elem-granvelle-besancon.ac-besancon.fr\/index.php?rest_route=\/wp\/v2\/users\/16"}],"replies":[{"embeddable":true,"href":"http:\/\/elem-granvelle-besancon.ac-besancon.fr\/index.php?rest_route=%2Fwp%2Fv2%2Fcomments&post=16579"}],"version-history":[{"count":1,"href":"http:\/\/elem-granvelle-besancon.ac-besancon.fr\/index.php?rest_route=\/wp\/v2\/posts\/16579\/revisions"}],"predecessor-version":[{"id":16581,"href":"http:\/\/elem-granvelle-besancon.ac-besancon.fr\/index.php?rest_route=\/wp\/v2\/posts\/16579\/revisions\/16581"}],"wp:attachment":[{"href":"http:\/\/elem-granvelle-besancon.ac-besancon.fr\/index.php?rest_route=%2Fwp%2Fv2%2Fmedia&parent=16579"}],"wp:term":[{"taxonomy":"category","embeddable":true,"href":"http:\/\/elem-granvelle-besancon.ac-besancon.fr\/index.php?rest_route=%2Fwp%2Fv2%2Fcategories&post=16579"},{"taxonomy":"post_tag","embeddable":true,"href":"http:\/\/elem-granvelle-besancon.ac-besancon.fr\/index.php?rest_route=%2Fwp%2Fv2%2Ftags&post=16579"}],"curies":[{"name":"wp","href":"https:\/\/api.w.org\/{rel}","templated":true}]}}