{"id":1971,"date":"2020-10-10T13:10:58","date_gmt":"2020-10-10T11:10:58","guid":{"rendered":"http:\/\/elem-granvelle-besancon.ac-besancon.fr\/?p=1971"},"modified":"2020-10-10T16:04:06","modified_gmt":"2020-10-10T14:04:06","slug":"elections-des-representants-des-parents-deleves","status":"publish","type":"post","link":"http:\/\/elem-granvelle-besancon.ac-besancon.fr\/?p=1971","title":{"rendered":"RESULTATS des Elections des repr\u00e9sentants des parents d&#8217;\u00e9l\u00e8ves: Scrutin du vendredi 9 octobre 2020"},"content":{"rendered":"<h2><span style=\"color: #800000\"><strong>Bonjour,<img loading=\"lazy\" decoding=\"async\" class=\"alignright size-full wp-image-10940\" src=\"http:\/\/elem-granvelle-besancon.ac-besancon.fr\/wp-content\/uploads\/sites\/15\/2020\/09\/elections-parents19.jpg\" alt=\"\" width=\"347\" height=\"272\" srcset=\"http:\/\/elem-granvelle-besancon.ac-besancon.fr\/wp-content\/uploads\/sites\/15\/2020\/09\/elections-parents19.jpg 347w, http:\/\/elem-granvelle-besancon.ac-besancon.fr\/wp-content\/uploads\/sites\/15\/2020\/09\/elections-parents19-300x235.jpg 300w\" sizes=\"auto, (max-width: 347px) 100vw, 347px\" \/><\/strong><\/span><\/h2>\n<p><span style=\"color: #800000\"><strong>VOICI LES RESULTATS DU SCRUTIN DU 9 OCTOBRE 2020.<\/strong><\/span><\/p>\n<p>&nbsp;<\/p>\n<p><span style=\"color: #800000\"><strong>Cordialement.<\/strong><\/span><\/p>\n<p><span style=\"color: #800000\"><strong>Thierry BERTRAND<\/strong><\/span><\/p>\n<p>&nbsp;<\/p>\n<h2><\/h2>\n<p><a href=\"http:\/\/elem-granvelle-besancon.ac-besancon.fr\/wp-content\/uploads\/sites\/15\/2020\/10\/PV-ELECTIONS-PARENTS-9-OCTOBRE-2020-ECOLE-GRANVELLE.pdf\">PV ELECTIONS PARENTS 9 OCTOBRE 2020 ECOLE GRANVELLE<\/a><\/p>\n<p><img loading=\"lazy\" decoding=\"async\" class=\"alignnone size-large wp-image-11094\" src=\"http:\/\/elem-granvelle-besancon.ac-besancon.fr\/wp-content\/uploads\/sites\/15\/2020\/10\/PV-ELECTIONS-PARENTS-9-OCTOBRE-2020-ECOLE-GRANVELLE-1-724x1024.jpg\" alt=\"\" width=\"584\" height=\"826\" srcset=\"http:\/\/elem-granvelle-besancon.ac-besancon.fr\/wp-content\/uploads\/sites\/15\/2020\/10\/PV-ELECTIONS-PARENTS-9-OCTOBRE-2020-ECOLE-GRANVELLE-1-724x1024.jpg 724w, http:\/\/elem-granvelle-besancon.ac-besancon.fr\/wp-content\/uploads\/sites\/15\/2020\/10\/PV-ELECTIONS-PARENTS-9-OCTOBRE-2020-ECOLE-GRANVELLE-1-212x300.jpg 212w, http:\/\/elem-granvelle-besancon.ac-besancon.fr\/wp-content\/uploads\/sites\/15\/2020\/10\/PV-ELECTIONS-PARENTS-9-OCTOBRE-2020-ECOLE-GRANVELLE-1-768x1086.jpg 768w, http:\/\/elem-granvelle-besancon.ac-besancon.fr\/wp-content\/uploads\/sites\/15\/2020\/10\/PV-ELECTIONS-PARENTS-9-OCTOBRE-2020-ECOLE-GRANVELLE-1-1086x1536.jpg 1086w, http:\/\/elem-granvelle-besancon.ac-besancon.fr\/wp-content\/uploads\/sites\/15\/2020\/10\/PV-ELECTIONS-PARENTS-9-OCTOBRE-2020-ECOLE-GRANVELLE-1-1449x2048.jpg 1449w, http:\/\/elem-granvelle-besancon.ac-besancon.fr\/wp-content\/uploads\/sites\/15\/2020\/10\/PV-ELECTIONS-PARENTS-9-OCTOBRE-2020-ECOLE-GRANVELLE-1-scaled.jpg 1811w\" sizes=\"auto, (max-width: 584px) 100vw, 584px\" \/><\/p>\n<p><img loading=\"lazy\" decoding=\"async\" class=\"alignnone size-large wp-image-11095\" src=\"http:\/\/elem-granvelle-besancon.ac-besancon.fr\/wp-content\/uploads\/sites\/15\/2020\/10\/PV-ELECTIONS-PARENTS-9-OCTOBRE-2020-ECOLE-GRANVELLE-2-724x1024.jpg\" alt=\"\" width=\"584\" height=\"826\" srcset=\"http:\/\/elem-granvelle-besancon.ac-besancon.fr\/wp-content\/uploads\/sites\/15\/2020\/10\/PV-ELECTIONS-PARENTS-9-OCTOBRE-2020-ECOLE-GRANVELLE-2-724x1024.jpg 724w, http:\/\/elem-granvelle-besancon.ac-besancon.fr\/wp-content\/uploads\/sites\/15\/2020\/10\/PV-ELECTIONS-PARENTS-9-OCTOBRE-2020-ECOLE-GRANVELLE-2-212x300.jpg 212w, http:\/\/elem-granvelle-besancon.ac-besancon.fr\/wp-content\/uploads\/sites\/15\/2020\/10\/PV-ELECTIONS-PARENTS-9-OCTOBRE-2020-ECOLE-GRANVELLE-2-768x1086.jpg 768w, http:\/\/elem-granvelle-besancon.ac-besancon.fr\/wp-content\/uploads\/sites\/15\/2020\/10\/PV-ELECTIONS-PARENTS-9-OCTOBRE-2020-ECOLE-GRANVELLE-2-1086x1536.jpg 1086w, http:\/\/elem-granvelle-besancon.ac-besancon.fr\/wp-content\/uploads\/sites\/15\/2020\/10\/PV-ELECTIONS-PARENTS-9-OCTOBRE-2020-ECOLE-GRANVELLE-2-1449x2048.jpg 1449w, http:\/\/elem-granvelle-besancon.ac-besancon.fr\/wp-content\/uploads\/sites\/15\/2020\/10\/PV-ELECTIONS-PARENTS-9-OCTOBRE-2020-ECOLE-GRANVELLE-2-scaled.jpg 1811w\" sizes=\"auto, (max-width: 584px) 100vw, 584px\" \/><\/p>\n<p><img loading=\"lazy\" decoding=\"async\" class=\"alignright size-full wp-image-8441\" src=\"http:\/\/elem-granvelle-besancon.ac-besancon.fr\/wp-content\/uploads\/sites\/15\/2020\/05\/GESTES-BARRIERES-2.jpg\" alt=\"\" width=\"960\" height=\"150\" srcset=\"http:\/\/elem-granvelle-besancon.ac-besancon.fr\/wp-content\/uploads\/sites\/15\/2020\/05\/GESTES-BARRIERES-2.jpg 960w, http:\/\/elem-granvelle-besancon.ac-besancon.fr\/wp-content\/uploads\/sites\/15\/2020\/05\/GESTES-BARRIERES-2-300x47.jpg 300w, http:\/\/elem-granvelle-besancon.ac-besancon.fr\/wp-content\/uploads\/sites\/15\/2020\/05\/GESTES-BARRIERES-2-768x120.jpg 768w, http:\/\/elem-granvelle-besancon.ac-besancon.fr\/wp-content\/uploads\/sites\/15\/2020\/05\/GESTES-BARRIERES-2-500x78.jpg 500w\" sizes=\"auto, (max-width: 960px) 100vw, 960px\" \/><\/p>\n","protected":false},"excerpt":{"rendered":"<p>Bonjour, VOICI LES RESULTATS DU SCRUTIN DU 9 OCTOBRE 2020. &nbsp; Cordialement. Thierry BERTRAND &nbsp; PV ELECTIONS PARENTS 9 OCTOBRE 2020 ECOLE GRANVELLE<\/p>\n","protected":false},"author":16,"featured_media":0,"comment_status":"closed","ping_status":"open","sticky":false,"template":"","format":"standard","meta":{"footnotes":""},"categories":[15,6,7,1,5,2,41,16,4],"tags":[],"class_list":["post-1971","post","type-post","status-publish","format-standard","hentry","category-apeeg","category-classe-ce1","category-classe-cm1","category-classe-cm2","category-classe-cp","category-infos-parents","category-periscolaire","category-representants-des-parents-d-eleves","category-vie-de-l-ecole"],"_links":{"self":[{"href":"http:\/\/elem-granvelle-besancon.ac-besancon.fr\/index.php?rest_route=\/wp\/v2\/posts\/1971","targetHints":{"allow":["GET"]}}],"collection":[{"href":"http:\/\/elem-granvelle-besancon.ac-besancon.fr\/index.php?rest_route=\/wp\/v2\/posts"}],"about":[{"href":"http:\/\/elem-granvelle-besancon.ac-besancon.fr\/index.php?rest_route=\/wp\/v2\/types\/post"}],"author":[{"embeddable":true,"href":"http:\/\/elem-granvelle-besancon.ac-besancon.fr\/index.php?rest_route=\/wp\/v2\/users\/16"}],"replies":[{"embeddable":true,"href":"http:\/\/elem-granvelle-besancon.ac-besancon.fr\/index.php?rest_route=%2Fwp%2Fv2%2Fcomments&post=1971"}],"version-history":[{"count":11,"href":"http:\/\/elem-granvelle-besancon.ac-besancon.fr\/index.php?rest_route=\/wp\/v2\/posts\/1971\/revisions"}],"predecessor-version":[{"id":11096,"href":"http:\/\/elem-granvelle-besancon.ac-besancon.fr\/index.php?rest_route=\/wp\/v2\/posts\/1971\/revisions\/11096"}],"wp:attachment":[{"href":"http:\/\/elem-granvelle-besancon.ac-besancon.fr\/index.php?rest_route=%2Fwp%2Fv2%2Fmedia&parent=1971"}],"wp:term":[{"taxonomy":"category","embeddable":true,"href":"http:\/\/elem-granvelle-besancon.ac-besancon.fr\/index.php?rest_route=%2Fwp%2Fv2%2Fcategories&post=1971"},{"taxonomy":"post_tag","embeddable":true,"href":"http:\/\/elem-granvelle-besancon.ac-besancon.fr\/index.php?rest_route=%2Fwp%2Fv2%2Ftags&post=1971"}],"curies":[{"name":"wp","href":"https:\/\/api.w.org\/{rel}","templated":true}]}}