{"id":2047,"date":"2019-11-23T18:15:45","date_gmt":"2019-11-23T17:15:45","guid":{"rendered":"http:\/\/elem-granvelle-besancon.ac-besancon.fr\/?p=2047"},"modified":"2020-02-20T19:19:44","modified_gmt":"2020-02-20T18:19:44","slug":"mediatheque","status":"publish","type":"post","link":"http:\/\/elem-granvelle-besancon.ac-besancon.fr\/?p=2047","title":{"rendered":"MEDIATHEQUE"},"content":{"rendered":"<h3>Dates des activit\u00e9s de lecture \u00e0 la M\u00e9diath\u00e8que Pierre Bayle:<\/h3>\n<h3><img loading=\"lazy\" decoding=\"async\" class=\"alignnone wp-image-2048 size-large\" src=\"http:\/\/elem-granvelle-besancon.ac-besancon.fr\/wp-content\/uploads\/sites\/15\/2019\/11\/bibliotheques-1024x538.jpg\" alt=\"\" width=\"584\" height=\"307\" \/><\/h3>\n<h4><del>&#8211; Vendredi 13 d\u00e9cembre 2019<\/del><\/h4>\n<h4><del>&#8211; Vendredi 10 janvier 2020<\/del><\/h4>\n<h4><del>&#8211; Mardi 11 f\u00e9vrier\u00a0 2020<\/del><\/h4>\n<h4>&#8211; Vendredi 13 mars 2020<\/h4>\n<h4>&#8211; Vendredi 17 avril 2020<\/h4>\n<h4>&#8211; Vendredi 12 mai 2020<\/h4>\n<p><a href=\"http:\/\/elem-granvelle-besancon.ac-besancon.fr\/wp-content\/uploads\/sites\/15\/2019\/11\/MEDIATHEQUE-2019-2020.odt\">MEDIATHEQUE 2019 2020<\/a><\/p>\n<p>&nbsp;<\/p>\n<p>&nbsp;<\/p>\n","protected":false},"excerpt":{"rendered":"<p>Dates des activit\u00e9s de lecture \u00e0 la M\u00e9diath\u00e8que Pierre Bayle: &#8211; Vendredi 13 d\u00e9cembre 2019 &#8211; Vendredi 10 janvier 2020 &#8211; Mardi 11 f\u00e9vrier\u00a0 2020 &#8211; Vendredi 13 mars 2020 &#8211; Vendredi 17 avril 2020 &#8211; Vendredi 12 mai 2020 &hellip; <a href=\"http:\/\/elem-granvelle-besancon.ac-besancon.fr\/?p=2047\">Continuer la lecture <span class=\"meta-nav\">&rarr;<\/span><\/a><\/p>\n","protected":false},"author":16,"featured_media":0,"comment_status":"closed","ping_status":"open","sticky":false,"template":"","format":"standard","meta":{"footnotes":""},"categories":[7],"tags":[],"class_list":["post-2047","post","type-post","status-publish","format-standard","hentry","category-classe-cm1"],"_links":{"self":[{"href":"http:\/\/elem-granvelle-besancon.ac-besancon.fr\/index.php?rest_route=\/wp\/v2\/posts\/2047","targetHints":{"allow":["GET"]}}],"collection":[{"href":"http:\/\/elem-granvelle-besancon.ac-besancon.fr\/index.php?rest_route=\/wp\/v2\/posts"}],"about":[{"href":"http:\/\/elem-granvelle-besancon.ac-besancon.fr\/index.php?rest_route=\/wp\/v2\/types\/post"}],"author":[{"embeddable":true,"href":"http:\/\/elem-granvelle-besancon.ac-besancon.fr\/index.php?rest_route=\/wp\/v2\/users\/16"}],"replies":[{"embeddable":true,"href":"http:\/\/elem-granvelle-besancon.ac-besancon.fr\/index.php?rest_route=%2Fwp%2Fv2%2Fcomments&post=2047"}],"version-history":[{"count":6,"href":"http:\/\/elem-granvelle-besancon.ac-besancon.fr\/index.php?rest_route=\/wp\/v2\/posts\/2047\/revisions"}],"predecessor-version":[{"id":2385,"href":"http:\/\/elem-granvelle-besancon.ac-besancon.fr\/index.php?rest_route=\/wp\/v2\/posts\/2047\/revisions\/2385"}],"wp:attachment":[{"href":"http:\/\/elem-granvelle-besancon.ac-besancon.fr\/index.php?rest_route=%2Fwp%2Fv2%2Fmedia&parent=2047"}],"wp:term":[{"taxonomy":"category","embeddable":true,"href":"http:\/\/elem-granvelle-besancon.ac-besancon.fr\/index.php?rest_route=%2Fwp%2Fv2%2Fcategories&post=2047"},{"taxonomy":"post_tag","embeddable":true,"href":"http:\/\/elem-granvelle-besancon.ac-besancon.fr\/index.php?rest_route=%2Fwp%2Fv2%2Ftags&post=2047"}],"curies":[{"name":"wp","href":"https:\/\/api.w.org\/{rel}","templated":true}]}}