{"id":2836,"date":"2020-03-30T08:18:16","date_gmt":"2020-03-30T06:18:16","guid":{"rendered":"http:\/\/elem-granvelle-besancon.ac-besancon.fr\/?p=2836"},"modified":"2020-03-30T08:23:20","modified_gmt":"2020-03-30T06:23:20","slug":"accueil-des-enfants-des-personnels-indispensables-a-la-gestion-de-la-crise-sanitaire","status":"publish","type":"post","link":"http:\/\/elem-granvelle-besancon.ac-besancon.fr\/?p=2836","title":{"rendered":"URGENT:\u00c9largissement du dispositif d&#8217;accueil exceptionnel aux enfants des personnels des forces de s\u00e9curit\u00e9 int\u00e9rieure sans solution de garde"},"content":{"rendered":"<h1>Le dispositif de garderie \u00e0 l&#8217;\u00e9cole primaire Helv\u00e9tie est prolong\u00e9 \u00e0 partir du mardi 31 mars 2020.<\/h1>\n<h1>A partir de cette date seront concern\u00e9s <span style=\"color: #ff0000\">les enfants des personnels soignants ainsi que ceux des personnels des forces de s\u00e9curit\u00e9 int\u00e9rieure sans solution de garde.<\/span><\/h1>\n<h1>Ainsi, les<i>\u00a0<\/i>gendarmes, personnels de la police nationale, sapeurs-pompiers professionnels, personnels des pr\u00e9fectures indispensables \u00e0 la gestion de la crise peuvent d\u00e9sormais solliciter que leur (s) enfant (s) soi(ent)t accueillis au sein des \u00e9coles et pris en charge par les enseignants volontaires.<\/h1>\n<h1>Les inscriptions sont r\u00e9alis\u00e9es par la mairie.<\/h1>\n<h1><a href=\"https:\/\/www.besancon.fr\/actualite\/\">https:\/\/www.besancon.fr\/actualite\/<\/a><\/h1>\n<h1><a href=\"mailto:education@besancon.fr\">education@besancon.fr<\/a><\/h1>\n<p>&nbsp;<\/p>\n","protected":false},"excerpt":{"rendered":"<p>Le dispositif de garderie \u00e0 l&#8217;\u00e9cole primaire Helv\u00e9tie est prolong\u00e9 \u00e0 partir du mardi 31 mars 2020. A partir de cette date seront concern\u00e9s les enfants des personnels soignants ainsi que ceux des personnels des forces de s\u00e9curit\u00e9 int\u00e9rieure sans &hellip; <a href=\"http:\/\/elem-granvelle-besancon.ac-besancon.fr\/?p=2836\">Continuer la lecture <span class=\"meta-nav\">&rarr;<\/span><\/a><\/p>\n","protected":false},"author":16,"featured_media":0,"comment_status":"closed","ping_status":"open","sticky":false,"template":"","format":"standard","meta":{"footnotes":""},"categories":[6,7,1,5,2,3,4],"tags":[],"class_list":["post-2836","post","type-post","status-publish","format-standard","hentry","category-classe-ce1","category-classe-cm1","category-classe-cm2","category-classe-cp","category-infos-parents","category-les-classes","category-vie-de-l-ecole"],"_links":{"self":[{"href":"http:\/\/elem-granvelle-besancon.ac-besancon.fr\/index.php?rest_route=\/wp\/v2\/posts\/2836","targetHints":{"allow":["GET"]}}],"collection":[{"href":"http:\/\/elem-granvelle-besancon.ac-besancon.fr\/index.php?rest_route=\/wp\/v2\/posts"}],"about":[{"href":"http:\/\/elem-granvelle-besancon.ac-besancon.fr\/index.php?rest_route=\/wp\/v2\/types\/post"}],"author":[{"embeddable":true,"href":"http:\/\/elem-granvelle-besancon.ac-besancon.fr\/index.php?rest_route=\/wp\/v2\/users\/16"}],"replies":[{"embeddable":true,"href":"http:\/\/elem-granvelle-besancon.ac-besancon.fr\/index.php?rest_route=%2Fwp%2Fv2%2Fcomments&post=2836"}],"version-history":[{"count":6,"href":"http:\/\/elem-granvelle-besancon.ac-besancon.fr\/index.php?rest_route=\/wp\/v2\/posts\/2836\/revisions"}],"predecessor-version":[{"id":4096,"href":"http:\/\/elem-granvelle-besancon.ac-besancon.fr\/index.php?rest_route=\/wp\/v2\/posts\/2836\/revisions\/4096"}],"wp:attachment":[{"href":"http:\/\/elem-granvelle-besancon.ac-besancon.fr\/index.php?rest_route=%2Fwp%2Fv2%2Fmedia&parent=2836"}],"wp:term":[{"taxonomy":"category","embeddable":true,"href":"http:\/\/elem-granvelle-besancon.ac-besancon.fr\/index.php?rest_route=%2Fwp%2Fv2%2Fcategories&post=2836"},{"taxonomy":"post_tag","embeddable":true,"href":"http:\/\/elem-granvelle-besancon.ac-besancon.fr\/index.php?rest_route=%2Fwp%2Fv2%2Ftags&post=2836"}],"curies":[{"name":"wp","href":"https:\/\/api.w.org\/{rel}","templated":true}]}}