{"id":3991,"date":"2020-03-30T08:06:12","date_gmt":"2020-03-30T06:06:12","guid":{"rendered":"http:\/\/elem-granvelle-besancon.ac-besancon.fr\/?p=3991"},"modified":"2020-03-30T11:57:01","modified_gmt":"2020-03-30T09:57:01","slug":"lundi-30-mars-2020-cm1-cm2","status":"publish","type":"post","link":"http:\/\/elem-granvelle-besancon.ac-besancon.fr\/?p=3991","title":{"rendered":"LUNDI 30 MARS 2020 CM1 CM2"},"content":{"rendered":"<p>Bonjour \u00e0 tous. J&#8217;esp\u00e8re que tout le monde se porte bien.<\/p>\n<p>Si cela est possible et dans la mesure du possible,\u00a0 j&#8217;aimerais que vous me fassiez parvenir des documents au format JPEG, c&#8217;est plus facile \u00e0 modifier pour moi, et en plus, les aper\u00e7us s&#8217;affichent dans les dossiers,\u00a0 ce qui n&#8217;est pas le cas pour ces klmrfzrfvtfxx de PDF. Merci. <em>( PDF c&#8217;est super, sauf si il faut le modifier et si il faut le\u00a0 faire appara\u00eetre sur le blog, il faut le remettre en JPEG!)<\/em><\/p>\n<p>Aussi, j&#8217;ai compris pourquoi certains documents perdaient en qualit\u00e9&#8230; Comme nous sommes\u00a0 plusieurs \u00e0 d\u00e9poser des documents, parfois la case &#8221; r\u00e9duire la taille &#8221; est coch\u00e9e par un tiers\u00a0 et voil\u00e0&#8230;. Je remets les textes qui \u00e9taient illisibles&#8230;<\/p>\n<p>C&#8217;est parti!<\/p>\n<p><img loading=\"lazy\" decoding=\"async\" class=\"aligncenter size-full wp-image-4050\" src=\"http:\/\/elem-granvelle-besancon.ac-besancon.fr\/wp-content\/uploads\/sites\/15\/2020\/03\/Time.jpg\" alt=\"\" width=\"289\" height=\"163\" \/><\/p>\n<h1><span style=\"color: #ff0000\">Phrases du jour<\/span><\/h1>\n<p><img loading=\"lazy\" decoding=\"async\" class=\"aligncenter size-full wp-image-4001\" src=\"http:\/\/elem-granvelle-besancon.ac-besancon.fr\/wp-content\/uploads\/sites\/15\/2020\/03\/Phrases-quatrain-changement-dheure-b-scaled.jpg\" alt=\"\" width=\"2560\" height=\"1820\" srcset=\"http:\/\/elem-granvelle-besancon.ac-besancon.fr\/wp-content\/uploads\/sites\/15\/2020\/03\/Phrases-quatrain-changement-dheure-b-scaled.jpg 2560w, http:\/\/elem-granvelle-besancon.ac-besancon.fr\/wp-content\/uploads\/sites\/15\/2020\/03\/Phrases-quatrain-changement-dheure-b-300x213.jpg 300w, http:\/\/elem-granvelle-besancon.ac-besancon.fr\/wp-content\/uploads\/sites\/15\/2020\/03\/Phrases-quatrain-changement-dheure-b-1024x728.jpg 1024w, http:\/\/elem-granvelle-besancon.ac-besancon.fr\/wp-content\/uploads\/sites\/15\/2020\/03\/Phrases-quatrain-changement-dheure-b-768x546.jpg 768w, http:\/\/elem-granvelle-besancon.ac-besancon.fr\/wp-content\/uploads\/sites\/15\/2020\/03\/Phrases-quatrain-changement-dheure-b-1536x1092.jpg 1536w, http:\/\/elem-granvelle-besancon.ac-besancon.fr\/wp-content\/uploads\/sites\/15\/2020\/03\/Phrases-quatrain-changement-dheure-b-2048x1456.jpg 2048w, http:\/\/elem-granvelle-besancon.ac-besancon.fr\/wp-content\/uploads\/sites\/15\/2020\/03\/Phrases-quatrain-changement-dheure-b-422x300.jpg 422w\" sizes=\"auto, (max-width: 2560px) 100vw, 2560px\" \/><\/p>\n<h1><span style=\"color: #ff0000\">Histoire de l&#8217;art<\/span><\/h1>\n<p><a href=\"https:\/\/youtu.be\/wT9k75KHdiU\">Shiva Nataraja<\/a><\/p>\n<h1><span style=\"color: #ff0000\">English<\/span><\/h1>\n<p>Alice n\u00b06<img loading=\"lazy\" decoding=\"async\" class=\"aligncenter wp-image-4008\" src=\"http:\/\/elem-granvelle-besancon.ac-besancon.fr\/wp-content\/uploads\/sites\/15\/2020\/03\/Alice-image-plage-06-scaled.jpg\" alt=\"\" width=\"202\" height=\"286\" \/><\/p>\n<audio class=\"wp-audio-shortcode\" id=\"audio-3991-1\" preload=\"none\" style=\"width: 100%;\" controls=\"controls\"><source type=\"audio\/mpeg\" src=\"http:\/\/elem-granvelle-besancon.ac-besancon.fr\/wp-content\/uploads\/sites\/15\/2020\/03\/Track-No06.mp3?_=1\" \/><a href=\"http:\/\/elem-granvelle-besancon.ac-besancon.fr\/wp-content\/uploads\/sites\/15\/2020\/03\/Track-No06.mp3\">http:\/\/elem-granvelle-besancon.ac-besancon.fr\/wp-content\/uploads\/sites\/15\/2020\/03\/Track-No06.mp3<\/a><\/audio>\n<p>Essaie de retenir le texte et de le r\u00e9p\u00e9ter seul&#8230;( par c\u0153ur)<\/p>\n<h1><span style=\"color: #ff0000\">Probl\u00e8mes de maths: les fractions et la division<\/span><\/h1>\n<p>La randonn\u00e9e et Scientifica 3000!<\/p>\n<p><a href=\"http:\/\/elem-granvelle-besancon.ac-besancon.fr\/wp-content\/uploads\/sites\/15\/2020\/03\/MA-PB-02-frtactions-parcours-et-zolette.pdf\">MA PB 02 frtactions parcours et zolette<\/a><\/p>\n<h1><span style=\"color: #ff0000\">R\u00e9cr\u00e9ation 1<\/span>\u00a0 Timbres de Tessa, F\u00e9lix et\u00a0 Ad\u00e8le&#8230;. C&#8217;est beau!<\/h1>\n<p><img loading=\"lazy\" decoding=\"async\" class=\"aligncenter size-full wp-image-4016\" src=\"http:\/\/elem-granvelle-besancon.ac-besancon.fr\/wp-content\/uploads\/sites\/15\/2020\/03\/33-Tessa.jpg\" alt=\"\" width=\"495\" height=\"653\" srcset=\"http:\/\/elem-granvelle-besancon.ac-besancon.fr\/wp-content\/uploads\/sites\/15\/2020\/03\/33-Tessa.jpg 495w, http:\/\/elem-granvelle-besancon.ac-besancon.fr\/wp-content\/uploads\/sites\/15\/2020\/03\/33-Tessa-227x300.jpg 227w\" sizes=\"auto, (max-width: 495px) 100vw, 495px\" \/> <img loading=\"lazy\" decoding=\"async\" class=\"aligncenter size-full wp-image-4015\" src=\"http:\/\/elem-granvelle-besancon.ac-besancon.fr\/wp-content\/uploads\/sites\/15\/2020\/03\/29-F\u00e9lix.png\" alt=\"\" width=\"960\" height=\"542\" srcset=\"http:\/\/elem-granvelle-besancon.ac-besancon.fr\/wp-content\/uploads\/sites\/15\/2020\/03\/29-F\u00e9lix.png 960w, http:\/\/elem-granvelle-besancon.ac-besancon.fr\/wp-content\/uploads\/sites\/15\/2020\/03\/29-F\u00e9lix-300x169.png 300w, http:\/\/elem-granvelle-besancon.ac-besancon.fr\/wp-content\/uploads\/sites\/15\/2020\/03\/29-F\u00e9lix-768x434.png 768w, http:\/\/elem-granvelle-besancon.ac-besancon.fr\/wp-content\/uploads\/sites\/15\/2020\/03\/29-F\u00e9lix-500x282.png 500w\" sizes=\"auto, (max-width: 960px) 100vw, 960px\" \/> <img loading=\"lazy\" decoding=\"async\" class=\"aligncenter size-full wp-image-4014\" src=\"http:\/\/elem-granvelle-besancon.ac-besancon.fr\/wp-content\/uploads\/sites\/15\/2020\/03\/19-Ad\u00e8le.jpeg-scaled.jpg\" alt=\"\" width=\"2560\" height=\"1810\" srcset=\"http:\/\/elem-granvelle-besancon.ac-besancon.fr\/wp-content\/uploads\/sites\/15\/2020\/03\/19-Ad\u00e8le.jpeg-scaled.jpg 2560w, http:\/\/elem-granvelle-besancon.ac-besancon.fr\/wp-content\/uploads\/sites\/15\/2020\/03\/19-Ad\u00e8le.jpeg-300x212.jpg 300w, http:\/\/elem-granvelle-besancon.ac-besancon.fr\/wp-content\/uploads\/sites\/15\/2020\/03\/19-Ad\u00e8le.jpeg-1024x724.jpg 1024w, http:\/\/elem-granvelle-besancon.ac-besancon.fr\/wp-content\/uploads\/sites\/15\/2020\/03\/19-Ad\u00e8le.jpeg-768x543.jpg 768w, http:\/\/elem-granvelle-besancon.ac-besancon.fr\/wp-content\/uploads\/sites\/15\/2020\/03\/19-Ad\u00e8le.jpeg-1536x1086.jpg 1536w, http:\/\/elem-granvelle-besancon.ac-besancon.fr\/wp-content\/uploads\/sites\/15\/2020\/03\/19-Ad\u00e8le.jpeg-2048x1448.jpg 2048w, http:\/\/elem-granvelle-besancon.ac-besancon.fr\/wp-content\/uploads\/sites\/15\/2020\/03\/19-Ad\u00e8le.jpeg-424x300.jpg 424w\" sizes=\"auto, (max-width: 2560px) 100vw, 2560px\" \/><\/p>\n<h1>L&#8217;actualit\u00e9 &#8230; par Lou&#8230;. \u00a0 \u00a0 \u00a0 \u00a0 \u00a0 \u00a0 \u00a0 \u00a0 A\u00efe&#8230;<\/h1>\n<div id=\"attachment_4020\" style=\"width: 2570px\" class=\"wp-caption aligncenter\"><img loading=\"lazy\" decoding=\"async\" aria-describedby=\"caption-attachment-4020\" class=\"size-full wp-image-4020\" src=\"http:\/\/elem-granvelle-besancon.ac-besancon.fr\/wp-content\/uploads\/sites\/15\/2020\/03\/Dessin_1-scaled.jpg\" alt=\"\" width=\"2560\" height=\"1852\" srcset=\"http:\/\/elem-granvelle-besancon.ac-besancon.fr\/wp-content\/uploads\/sites\/15\/2020\/03\/Dessin_1-scaled.jpg 2560w, http:\/\/elem-granvelle-besancon.ac-besancon.fr\/wp-content\/uploads\/sites\/15\/2020\/03\/Dessin_1-300x217.jpg 300w, http:\/\/elem-granvelle-besancon.ac-besancon.fr\/wp-content\/uploads\/sites\/15\/2020\/03\/Dessin_1-1024x741.jpg 1024w, http:\/\/elem-granvelle-besancon.ac-besancon.fr\/wp-content\/uploads\/sites\/15\/2020\/03\/Dessin_1-768x556.jpg 768w, http:\/\/elem-granvelle-besancon.ac-besancon.fr\/wp-content\/uploads\/sites\/15\/2020\/03\/Dessin_1-1536x1111.jpg 1536w, http:\/\/elem-granvelle-besancon.ac-besancon.fr\/wp-content\/uploads\/sites\/15\/2020\/03\/Dessin_1-2048x1481.jpg 2048w, http:\/\/elem-granvelle-besancon.ac-besancon.fr\/wp-content\/uploads\/sites\/15\/2020\/03\/Dessin_1-415x300.jpg 415w\" sizes=\"auto, (max-width: 2560px) 100vw, 2560px\" \/><p id=\"caption-attachment-4020\" class=\"wp-caption-text\">Covid 19<\/p><\/div>\n<p><img loading=\"lazy\" decoding=\"async\" class=\"size-full wp-image-4021\" src=\"http:\/\/elem-granvelle-besancon.ac-besancon.fr\/wp-content\/uploads\/sites\/15\/2020\/03\/Dessin_2-scaled.jpg\" alt=\"\" width=\"2560\" height=\"1920\" srcset=\"http:\/\/elem-granvelle-besancon.ac-besancon.fr\/wp-content\/uploads\/sites\/15\/2020\/03\/Dessin_2-scaled.jpg 2560w, http:\/\/elem-granvelle-besancon.ac-besancon.fr\/wp-content\/uploads\/sites\/15\/2020\/03\/Dessin_2-300x225.jpg 300w, http:\/\/elem-granvelle-besancon.ac-besancon.fr\/wp-content\/uploads\/sites\/15\/2020\/03\/Dessin_2-1024x768.jpg 1024w, http:\/\/elem-granvelle-besancon.ac-besancon.fr\/wp-content\/uploads\/sites\/15\/2020\/03\/Dessin_2-768x576.jpg 768w, http:\/\/elem-granvelle-besancon.ac-besancon.fr\/wp-content\/uploads\/sites\/15\/2020\/03\/Dessin_2-1536x1152.jpg 1536w, http:\/\/elem-granvelle-besancon.ac-besancon.fr\/wp-content\/uploads\/sites\/15\/2020\/03\/Dessin_2-2048x1536.jpg 2048w, http:\/\/elem-granvelle-besancon.ac-besancon.fr\/wp-content\/uploads\/sites\/15\/2020\/03\/Dessin_2-400x300.jpg 400w\" sizes=\"auto, (max-width: 2560px) 100vw, 2560px\" \/><\/p>\n<h1>Le paysage\u00a0 par K\u00e9ziah<\/h1>\n<p><img loading=\"lazy\" decoding=\"async\" class=\"aligncenter size-full wp-image-4024\" src=\"http:\/\/elem-granvelle-besancon.ac-besancon.fr\/wp-content\/uploads\/sites\/15\/2020\/03\/Dessin-Keziah-1.jpg\" alt=\"\" width=\"944\" height=\"629\" srcset=\"http:\/\/elem-granvelle-besancon.ac-besancon.fr\/wp-content\/uploads\/sites\/15\/2020\/03\/Dessin-Keziah-1.jpg 944w, http:\/\/elem-granvelle-besancon.ac-besancon.fr\/wp-content\/uploads\/sites\/15\/2020\/03\/Dessin-Keziah-1-300x200.jpg 300w, http:\/\/elem-granvelle-besancon.ac-besancon.fr\/wp-content\/uploads\/sites\/15\/2020\/03\/Dessin-Keziah-1-768x512.jpg 768w, http:\/\/elem-granvelle-besancon.ac-besancon.fr\/wp-content\/uploads\/sites\/15\/2020\/03\/Dessin-Keziah-1-450x300.jpg 450w\" sizes=\"auto, (max-width: 944px) 100vw, 944px\" \/>Bravo&#8230;<\/p>\n<h1><span style=\"color: #ff0000\">Histoire<\/span><\/h1>\n<p><a href=\"https:\/\/youtu.be\/WMwZZ1MW0Og\">CM1 Les paysans\u00a0 au Moyen Age<\/a><\/p>\n<p><a href=\"http:\/\/elem-granvelle-besancon.ac-besancon.fr\/wp-content\/uploads\/sites\/15\/2020\/03\/HIS-09-paysans-conna\u00eetre.pdf\">HIS 09 paysans conna\u00eetre<\/a><\/p>\n<p><a href=\"https:\/\/youtu.be\/ffhvm3Dh0f4\">CM2 Le second empire<\/a><\/p>\n<p><a href=\"http:\/\/elem-granvelle-besancon.ac-besancon.fr\/wp-content\/uploads\/sites\/15\/2020\/03\/HIS-8-cm2-second-empire-conna\u00eetre.pdf\">HIS 8 cm2 second empire conna\u00eetre<\/a><\/p>\n<h1><span style=\"color: #ff0000\">Orthographe:<\/span> on accorde encore&#8230; mais ce ne sont pas des guitares \u00e9lectriques, seulement des adjectifs qualificatifs&#8230;\u00a0\u00a0<strong>\u00a0 \ud83d\ude41<\/strong><\/h1>\n<p><a href=\"http:\/\/elem-granvelle-besancon.ac-besancon.fr\/wp-content\/uploads\/sites\/15\/2020\/03\/OR-02-accords-adjectifs.pdf\">OR 02 accords adjectifs<\/a><\/p>\n<h1><span style=\"color: #ff0000\">R\u00e9cr\u00e9ation 2<\/span><\/h1>\n<p>Thomas et sa s\u0153ur L\u00e9a m\u00e8nent un duel farouche&#8230; mais, les r\u00e9sultats valent le coup!<\/p>\n<p><img loading=\"lazy\" decoding=\"async\" class=\"aligncenter size-full wp-image-4032\" src=\"http:\/\/elem-granvelle-besancon.ac-besancon.fr\/wp-content\/uploads\/sites\/15\/2020\/03\/01-Thomas-paysage--scaled.jpg\" alt=\"\" width=\"2560\" height=\"1920\" srcset=\"http:\/\/elem-granvelle-besancon.ac-besancon.fr\/wp-content\/uploads\/sites\/15\/2020\/03\/01-Thomas-paysage--scaled.jpg 2560w, http:\/\/elem-granvelle-besancon.ac-besancon.fr\/wp-content\/uploads\/sites\/15\/2020\/03\/01-Thomas-paysage--300x225.jpg 300w, http:\/\/elem-granvelle-besancon.ac-besancon.fr\/wp-content\/uploads\/sites\/15\/2020\/03\/01-Thomas-paysage--1024x768.jpg 1024w, http:\/\/elem-granvelle-besancon.ac-besancon.fr\/wp-content\/uploads\/sites\/15\/2020\/03\/01-Thomas-paysage--768x576.jpg 768w, http:\/\/elem-granvelle-besancon.ac-besancon.fr\/wp-content\/uploads\/sites\/15\/2020\/03\/01-Thomas-paysage--1536x1152.jpg 1536w, http:\/\/elem-granvelle-besancon.ac-besancon.fr\/wp-content\/uploads\/sites\/15\/2020\/03\/01-Thomas-paysage--2048x1536.jpg 2048w, http:\/\/elem-granvelle-besancon.ac-besancon.fr\/wp-content\/uploads\/sites\/15\/2020\/03\/01-Thomas-paysage--400x300.jpg 400w\" sizes=\"auto, (max-width: 2560px) 100vw, 2560px\" \/>L\u00e9a<img loading=\"lazy\" decoding=\"async\" class=\"aligncenter size-full wp-image-4033\" src=\"http:\/\/elem-granvelle-besancon.ac-besancon.fr\/wp-content\/uploads\/sites\/15\/2020\/03\/01-bis-L\u00e9a-paysage-scaled.jpg\" alt=\"\" width=\"2560\" height=\"1974\" srcset=\"http:\/\/elem-granvelle-besancon.ac-besancon.fr\/wp-content\/uploads\/sites\/15\/2020\/03\/01-bis-L\u00e9a-paysage-scaled.jpg 2560w, http:\/\/elem-granvelle-besancon.ac-besancon.fr\/wp-content\/uploads\/sites\/15\/2020\/03\/01-bis-L\u00e9a-paysage-300x231.jpg 300w, http:\/\/elem-granvelle-besancon.ac-besancon.fr\/wp-content\/uploads\/sites\/15\/2020\/03\/01-bis-L\u00e9a-paysage-1024x790.jpg 1024w, http:\/\/elem-granvelle-besancon.ac-besancon.fr\/wp-content\/uploads\/sites\/15\/2020\/03\/01-bis-L\u00e9a-paysage-768x592.jpg 768w, http:\/\/elem-granvelle-besancon.ac-besancon.fr\/wp-content\/uploads\/sites\/15\/2020\/03\/01-bis-L\u00e9a-paysage-1536x1184.jpg 1536w, http:\/\/elem-granvelle-besancon.ac-besancon.fr\/wp-content\/uploads\/sites\/15\/2020\/03\/01-bis-L\u00e9a-paysage-2048x1579.jpg 2048w, http:\/\/elem-granvelle-besancon.ac-besancon.fr\/wp-content\/uploads\/sites\/15\/2020\/03\/01-bis-L\u00e9a-paysage-389x300.jpg 389w\" sizes=\"auto, (max-width: 2560px) 100vw, 2560px\" \/><\/p>\n<p>Thomas<\/p>\n<p>Je vous livre en vrac d&#8217;autres cr\u00e9ations ( &#8220;j&#8217;aimerais&#8221; ou &#8220;troubadour &#8220;) et je remets celles qui \u00e9taient floues&#8230;<\/p>\n<p><img loading=\"lazy\" decoding=\"async\" class=\"aligncenter size-full wp-image-3748\" src=\"http:\/\/elem-granvelle-besancon.ac-besancon.fr\/wp-content\/uploads\/sites\/15\/2020\/03\/16-Else-scaled.jpg\" alt=\"\" width=\"1810\" height=\"2560\" srcset=\"http:\/\/elem-granvelle-besancon.ac-besancon.fr\/wp-content\/uploads\/sites\/15\/2020\/03\/16-Else-scaled.jpg 1810w, http:\/\/elem-granvelle-besancon.ac-besancon.fr\/wp-content\/uploads\/sites\/15\/2020\/03\/16-Else-212x300.jpg 212w, http:\/\/elem-granvelle-besancon.ac-besancon.fr\/wp-content\/uploads\/sites\/15\/2020\/03\/16-Else-724x1024.jpg 724w, http:\/\/elem-granvelle-besancon.ac-besancon.fr\/wp-content\/uploads\/sites\/15\/2020\/03\/16-Else-768x1086.jpg 768w, http:\/\/elem-granvelle-besancon.ac-besancon.fr\/wp-content\/uploads\/sites\/15\/2020\/03\/16-Else-1086x1536.jpg 1086w, http:\/\/elem-granvelle-besancon.ac-besancon.fr\/wp-content\/uploads\/sites\/15\/2020\/03\/16-Else-1448x2048.jpg 1448w\" sizes=\"auto, (max-width: 1810px) 100vw, 1810px\" \/> <img loading=\"lazy\" decoding=\"async\" class=\"aligncenter size-full wp-image-3746\" src=\"http:\/\/elem-granvelle-besancon.ac-besancon.fr\/wp-content\/uploads\/sites\/15\/2020\/03\/02-Louis-1.jpg\" alt=\"\" width=\"341\" height=\"579\" srcset=\"http:\/\/elem-granvelle-besancon.ac-besancon.fr\/wp-content\/uploads\/sites\/15\/2020\/03\/02-Louis-1.jpg 341w, http:\/\/elem-granvelle-besancon.ac-besancon.fr\/wp-content\/uploads\/sites\/15\/2020\/03\/02-Louis-1-177x300.jpg 177w\" sizes=\"auto, (max-width: 341px) 100vw, 341px\" \/><\/p>\n<p><img loading=\"lazy\" decoding=\"async\" class=\"size-full wp-image-3740\" src=\"http:\/\/elem-granvelle-besancon.ac-besancon.fr\/wp-content\/uploads\/sites\/15\/2020\/03\/Poeme_Vian_Lou-scaled.jpg\" alt=\"\" width=\"1808\" height=\"2560\" srcset=\"http:\/\/elem-granvelle-besancon.ac-besancon.fr\/wp-content\/uploads\/sites\/15\/2020\/03\/Poeme_Vian_Lou-scaled.jpg 1808w, http:\/\/elem-granvelle-besancon.ac-besancon.fr\/wp-content\/uploads\/sites\/15\/2020\/03\/Poeme_Vian_Lou-212x300.jpg 212w, http:\/\/elem-granvelle-besancon.ac-besancon.fr\/wp-content\/uploads\/sites\/15\/2020\/03\/Poeme_Vian_Lou-723x1024.jpg 723w, http:\/\/elem-granvelle-besancon.ac-besancon.fr\/wp-content\/uploads\/sites\/15\/2020\/03\/Poeme_Vian_Lou-768x1087.jpg 768w, http:\/\/elem-granvelle-besancon.ac-besancon.fr\/wp-content\/uploads\/sites\/15\/2020\/03\/Poeme_Vian_Lou-1085x1536.jpg 1085w, http:\/\/elem-granvelle-besancon.ac-besancon.fr\/wp-content\/uploads\/sites\/15\/2020\/03\/Poeme_Vian_Lou-1446x2048.jpg 1446w\" sizes=\"auto, (max-width: 1808px) 100vw, 1808px\" \/><\/p>\n<p><img loading=\"lazy\" decoding=\"async\" class=\"aligncenter size-full wp-image-4040\" src=\"http:\/\/elem-granvelle-besancon.ac-besancon.fr\/wp-content\/uploads\/sites\/15\/2020\/03\/01-Thomas-cosmo-scaled.jpg\" alt=\"\" width=\"1987\" height=\"2560\" srcset=\"http:\/\/elem-granvelle-besancon.ac-besancon.fr\/wp-content\/uploads\/sites\/15\/2020\/03\/01-Thomas-cosmo-scaled.jpg 1987w, http:\/\/elem-granvelle-besancon.ac-besancon.fr\/wp-content\/uploads\/sites\/15\/2020\/03\/01-Thomas-cosmo-233x300.jpg 233w, http:\/\/elem-granvelle-besancon.ac-besancon.fr\/wp-content\/uploads\/sites\/15\/2020\/03\/01-Thomas-cosmo-795x1024.jpg 795w, http:\/\/elem-granvelle-besancon.ac-besancon.fr\/wp-content\/uploads\/sites\/15\/2020\/03\/01-Thomas-cosmo-768x989.jpg 768w, http:\/\/elem-granvelle-besancon.ac-besancon.fr\/wp-content\/uploads\/sites\/15\/2020\/03\/01-Thomas-cosmo-1192x1536.jpg 1192w, http:\/\/elem-granvelle-besancon.ac-besancon.fr\/wp-content\/uploads\/sites\/15\/2020\/03\/01-Thomas-cosmo-1590x2048.jpg 1590w\" sizes=\"auto, (max-width: 1987px) 100vw, 1987px\" \/> <img loading=\"lazy\" decoding=\"async\" class=\"aligncenter size-full wp-image-4041\" src=\"http:\/\/elem-granvelle-besancon.ac-besancon.fr\/wp-content\/uploads\/sites\/15\/2020\/03\/Felix-S-j-aimerais.jpg\" alt=\"\" width=\"1700\" height=\"2338\" srcset=\"http:\/\/elem-granvelle-besancon.ac-besancon.fr\/wp-content\/uploads\/sites\/15\/2020\/03\/Felix-S-j-aimerais.jpg 1700w, http:\/\/elem-granvelle-besancon.ac-besancon.fr\/wp-content\/uploads\/sites\/15\/2020\/03\/Felix-S-j-aimerais-218x300.jpg 218w, http:\/\/elem-granvelle-besancon.ac-besancon.fr\/wp-content\/uploads\/sites\/15\/2020\/03\/Felix-S-j-aimerais-745x1024.jpg 745w, http:\/\/elem-granvelle-besancon.ac-besancon.fr\/wp-content\/uploads\/sites\/15\/2020\/03\/Felix-S-j-aimerais-768x1056.jpg 768w, http:\/\/elem-granvelle-besancon.ac-besancon.fr\/wp-content\/uploads\/sites\/15\/2020\/03\/Felix-S-j-aimerais-1117x1536.jpg 1117w, http:\/\/elem-granvelle-besancon.ac-besancon.fr\/wp-content\/uploads\/sites\/15\/2020\/03\/Felix-S-j-aimerais-1489x2048.jpg 1489w\" sizes=\"auto, (max-width: 1700px) 100vw, 1700px\" \/><\/p>\n<p><img loading=\"lazy\" decoding=\"async\" class=\"aligncenter size-full wp-image-4042\" src=\"http:\/\/elem-granvelle-besancon.ac-besancon.fr\/wp-content\/uploads\/sites\/15\/2020\/03\/FelixS-reveil-des-souvenirs.jpg\" alt=\"\" width=\"1700\" height=\"2338\" srcset=\"http:\/\/elem-granvelle-besancon.ac-besancon.fr\/wp-content\/uploads\/sites\/15\/2020\/03\/FelixS-reveil-des-souvenirs.jpg 1700w, http:\/\/elem-granvelle-besancon.ac-besancon.fr\/wp-content\/uploads\/sites\/15\/2020\/03\/FelixS-reveil-des-souvenirs-218x300.jpg 218w, http:\/\/elem-granvelle-besancon.ac-besancon.fr\/wp-content\/uploads\/sites\/15\/2020\/03\/FelixS-reveil-des-souvenirs-745x1024.jpg 745w, http:\/\/elem-granvelle-besancon.ac-besancon.fr\/wp-content\/uploads\/sites\/15\/2020\/03\/FelixS-reveil-des-souvenirs-768x1056.jpg 768w, http:\/\/elem-granvelle-besancon.ac-besancon.fr\/wp-content\/uploads\/sites\/15\/2020\/03\/FelixS-reveil-des-souvenirs-1117x1536.jpg 1117w, http:\/\/elem-granvelle-besancon.ac-besancon.fr\/wp-content\/uploads\/sites\/15\/2020\/03\/FelixS-reveil-des-souvenirs-1489x2048.jpg 1489w\" sizes=\"auto, (max-width: 1700px) 100vw, 1700px\" \/><\/p>\n<p><img loading=\"lazy\" decoding=\"async\" class=\"aligncenter size-full wp-image-4045\" src=\"http:\/\/elem-granvelle-besancon.ac-besancon.fr\/wp-content\/uploads\/sites\/15\/2020\/03\/33-Tessa-j-aimerais.jpg\" alt=\"\" width=\"1371\" height=\"1992\" srcset=\"http:\/\/elem-granvelle-besancon.ac-besancon.fr\/wp-content\/uploads\/sites\/15\/2020\/03\/33-Tessa-j-aimerais.jpg 1371w, http:\/\/elem-granvelle-besancon.ac-besancon.fr\/wp-content\/uploads\/sites\/15\/2020\/03\/33-Tessa-j-aimerais-206x300.jpg 206w, http:\/\/elem-granvelle-besancon.ac-besancon.fr\/wp-content\/uploads\/sites\/15\/2020\/03\/33-Tessa-j-aimerais-705x1024.jpg 705w, http:\/\/elem-granvelle-besancon.ac-besancon.fr\/wp-content\/uploads\/sites\/15\/2020\/03\/33-Tessa-j-aimerais-768x1116.jpg 768w, http:\/\/elem-granvelle-besancon.ac-besancon.fr\/wp-content\/uploads\/sites\/15\/2020\/03\/33-Tessa-j-aimerais-1057x1536.jpg 1057w\" sizes=\"auto, (max-width: 1371px) 100vw, 1371px\" \/><\/p>\n<h1>BRAVO POUR TOUTES CES CREATIONS !<\/h1>\n<h1><span style=\"color: #ff0000\">Lecture<\/span><\/h1>\n<p>Trouver l&#8217;action &#8230;.<\/p>\n<p>Niveau 1\u00a0 \u00a0<a href=\"http:\/\/elem-granvelle-besancon.ac-besancon.fr\/wp-content\/uploads\/sites\/15\/2020\/03\/Inferences-action-niveau1.pdf\">Inferences-action-niveau1<\/a><\/p>\n<p>Niveau 2 \u00a0 <a href=\"http:\/\/elem-granvelle-besancon.ac-besancon.fr\/wp-content\/uploads\/sites\/15\/2020\/03\/Inferences-action-niveau2.pdf\">Inferences-action-niveau2<\/a><\/p>\n<p>&nbsp;<\/p>\n<h1><span style=\"color: #ff0000\">Vid\u00e9os pour finir<\/span><\/h1>\n<p><a href=\"https:\/\/youtu.be\/x8DxLYsi8jg\">L&#8217;horloge astronomique de Besan\u00e7on<\/a><\/p>\n<p>Un vieux feuilleton\u00a0 <a href=\"https:\/\/youtu.be\/ct2HY9pcfrI\">Les Shadoks 01 Les shadoks et les Gibis veulent envahir la terre<\/a><\/p>\n<p>Pensez \u00e0 stopper \u00e0 la fin&#8230;. il n&#8217;y a pas le g\u00e9n\u00e9rique de fin et \u00e7a encha\u00eene sur &#8220;PUB&#8221; et saison 01 compl\u00e8te!<\/p>\n<p><img loading=\"lazy\" decoding=\"async\" class=\"aligncenter size-full wp-image-4054\" src=\"http:\/\/elem-granvelle-besancon.ac-besancon.fr\/wp-content\/uploads\/sites\/15\/2020\/03\/IMG_20150913_170655-scaled.jpg\" alt=\"\" width=\"2560\" height=\"1920\" srcset=\"http:\/\/elem-granvelle-besancon.ac-besancon.fr\/wp-content\/uploads\/sites\/15\/2020\/03\/IMG_20150913_170655-scaled.jpg 2560w, http:\/\/elem-granvelle-besancon.ac-besancon.fr\/wp-content\/uploads\/sites\/15\/2020\/03\/IMG_20150913_170655-300x225.jpg 300w, http:\/\/elem-granvelle-besancon.ac-besancon.fr\/wp-content\/uploads\/sites\/15\/2020\/03\/IMG_20150913_170655-1024x768.jpg 1024w, http:\/\/elem-granvelle-besancon.ac-besancon.fr\/wp-content\/uploads\/sites\/15\/2020\/03\/IMG_20150913_170655-768x576.jpg 768w, http:\/\/elem-granvelle-besancon.ac-besancon.fr\/wp-content\/uploads\/sites\/15\/2020\/03\/IMG_20150913_170655-1536x1152.jpg 1536w, http:\/\/elem-granvelle-besancon.ac-besancon.fr\/wp-content\/uploads\/sites\/15\/2020\/03\/IMG_20150913_170655-2048x1536.jpg 2048w, http:\/\/elem-granvelle-besancon.ac-besancon.fr\/wp-content\/uploads\/sites\/15\/2020\/03\/IMG_20150913_170655-400x300.jpg 400w\" sizes=\"auto, (max-width: 2560px) 100vw, 2560px\" \/><\/p>\n<p><a href=\"https:\/\/youtu.be\/JKpENSiLeME\">Ici, une belle reprise d&#8217;une vieille chanson: <strong>la marelle<\/strong>! Juste chant et violoncelle!<\/a><\/p>\n<p>Elles utilisent une p\u00e9dale pour enregistrer et boucler le son (looper)&#8230;<\/p>\n<p><a href=\"http:\/\/www.lumni.fr\/video\/cest-quoi-la-musique-electro\">Pour changer: c&#8217;est quoi la musique \u00e9lectro?<\/a><\/p>\n<p>A demain! A propos, si quelqu&#8217;un veut relever le d\u00e9fit du quatrain quotidien&#8230; No problemo!<\/p>\n<p><img loading=\"lazy\" decoding=\"async\" class=\"aligncenter size-full wp-image-4067\" src=\"http:\/\/elem-granvelle-besancon.ac-besancon.fr\/wp-content\/uploads\/sites\/15\/2020\/03\/\u00e9crire-\u00e0-la-plume.jpg\" alt=\"\" width=\"297\" height=\"170\" \/><\/p>\n<p>&nbsp;<\/p>\n","protected":false},"excerpt":{"rendered":"<p>Bonjour \u00e0 tous. J&#8217;esp\u00e8re que tout le monde se porte bien. Si cela est possible et dans la mesure du possible,\u00a0 j&#8217;aimerais que vous me fassiez parvenir des documents au format JPEG, c&#8217;est plus facile \u00e0 modifier pour moi, et &hellip; <a href=\"http:\/\/elem-granvelle-besancon.ac-besancon.fr\/?p=3991\">Continuer la lecture <span class=\"meta-nav\">&rarr;<\/span><\/a><\/p>\n","protected":false},"author":16,"featured_media":0,"comment_status":"closed","ping_status":"open","sticky":false,"template":"","format":"standard","meta":{"footnotes":""},"categories":[1],"tags":[],"class_list":["post-3991","post","type-post","status-publish","format-standard","hentry","category-classe-cm2"],"_links":{"self":[{"href":"http:\/\/elem-granvelle-besancon.ac-besancon.fr\/index.php?rest_route=\/wp\/v2\/posts\/3991","targetHints":{"allow":["GET"]}}],"collection":[{"href":"http:\/\/elem-granvelle-besancon.ac-besancon.fr\/index.php?rest_route=\/wp\/v2\/posts"}],"about":[{"href":"http:\/\/elem-granvelle-besancon.ac-besancon.fr\/index.php?rest_route=\/wp\/v2\/types\/post"}],"author":[{"embeddable":true,"href":"http:\/\/elem-granvelle-besancon.ac-besancon.fr\/index.php?rest_route=\/wp\/v2\/users\/16"}],"replies":[{"embeddable":true,"href":"http:\/\/elem-granvelle-besancon.ac-besancon.fr\/index.php?rest_route=%2Fwp%2Fv2%2Fcomments&post=3991"}],"version-history":[{"count":30,"href":"http:\/\/elem-granvelle-besancon.ac-besancon.fr\/index.php?rest_route=\/wp\/v2\/posts\/3991\/revisions"}],"predecessor-version":[{"id":4136,"href":"http:\/\/elem-granvelle-besancon.ac-besancon.fr\/index.php?rest_route=\/wp\/v2\/posts\/3991\/revisions\/4136"}],"wp:attachment":[{"href":"http:\/\/elem-granvelle-besancon.ac-besancon.fr\/index.php?rest_route=%2Fwp%2Fv2%2Fmedia&parent=3991"}],"wp:term":[{"taxonomy":"category","embeddable":true,"href":"http:\/\/elem-granvelle-besancon.ac-besancon.fr\/index.php?rest_route=%2Fwp%2Fv2%2Fcategories&post=3991"},{"taxonomy":"post_tag","embeddable":true,"href":"http:\/\/elem-granvelle-besancon.ac-besancon.fr\/index.php?rest_route=%2Fwp%2Fv2%2Ftags&post=3991"}],"curies":[{"name":"wp","href":"https:\/\/api.w.org\/{rel}","templated":true}]}}