{"id":4072,"date":"2020-03-30T08:00:40","date_gmt":"2020-03-30T06:00:40","guid":{"rendered":"http:\/\/elem-granvelle-besancon.ac-besancon.fr\/?p=4072"},"modified":"2020-03-30T07:54:12","modified_gmt":"2020-03-30T05:54:12","slug":"lundi-30-mars-activites-cp","status":"publish","type":"post","link":"http:\/\/elem-granvelle-besancon.ac-besancon.fr\/?p=4072","title":{"rendered":"LUNDI 30 MARS activit\u00e9s CP"},"content":{"rendered":"<p><span style=\"color: #000000\">Bonjour les enfants et les parents.<\/span><\/p>\n<p><span style=\"color: #000000\">Ce weekend dimanche 29 mars \u00e0 2 heures du matin, il \u00e9tait 3 heures. Nous avons avanc\u00e9 d\u2019une heure. Autrement dit, il a fallu ajouter 60 minutes \u00e0 l\u2019heure affich\u00e9e et donc nous avons dormi moins longtemps (on peut aussi se dire que nous avons donc pass\u00e9 moins de temps confin\u00e9s !).<\/span><\/p>\n<p><img loading=\"lazy\" decoding=\"async\" class=\"size-full wp-image-4073 alignleft\" src=\"http:\/\/elem-granvelle-besancon.ac-besancon.fr\/wp-content\/uploads\/sites\/15\/2020\/03\/dessin-heure.jpg\" alt=\"\" width=\"300\" height=\"168\" \/><\/p>\n<p><span style=\"color: #000000\">Comment retenir facilement dans quel sens s\u2019effectue le passage \u00e0 l\u2019heure d\u2019\u00e9t\u00e9 ?<\/span><\/p>\n<p><span style=\"color: #000000\">On peut utiliser un moyen mn\u00e9motechnique. En octob<strong>RE<\/strong>, l\u2019heure <strong>RE<\/strong>cule ; en m<strong>A<\/strong>rs ou <strong>AV<\/strong>ril, elle <strong>A<\/strong>vance.<\/span><\/p>\n<p>Je souhaite, svp, r\u00e9cup\u00e9rer le travail effectu\u00e9 en <strong>expression \u00e9crite<\/strong>, activit\u00e9 r\u00e9alis\u00e9e <strong>vendredi<\/strong> avec la cr\u00e9ation d&#8217;une petite histoire avec un nouvel objet magique. Vous pouvez me faire parvenir ce document par <strong>sms<\/strong> (photo) ou par <strong>mail<\/strong> (rappel adresse: bertrand.hardy@ecoles.grandbesancon.fr ). Si votre enfant a r\u00e9alis\u00e9 l&#8217;activit\u00e9 plastique vous pouvez \u00e9galement me la transmettre ou lorsqu&#8217;il l&#8217;aura termin\u00e9e (non obligatoire !) afin de la partager avec les autres. Merci.<\/p>\n<p><span style=\"color: #b00000\">Cette semaine je vais mettre en place un moment de <strong>CLASSE VIRTUELLE<\/strong> qui va permettre \u00e0 votre enfant de retrouver ses camarades de classe.<\/span><\/p>\n<p><span style=\"color: #333333\"><span style=\"color: #000000\">Pour cela, je vais vous transmettre par <strong>sms<\/strong> un lien<\/span> <strong>participant<\/strong> ainsi que la date et l&#8217;heure de connexion, afin de vous permettre de rejoindre la <strong>CLASSE VIRTUELLE<\/strong>. Vous trouverez ci-dessous une fiche <strong>GUIDE<\/strong> pour vous permettre de pr\u00e9parer ce moment.<\/span><\/p>\n<p><a href=\"http:\/\/elem-granvelle-besancon.ac-besancon.fr\/wp-content\/uploads\/sites\/15\/2020\/03\/Guide-Eleve-MaClasse-VIRTUELLE_FR_2020.pdf\">Guide Eleve-MaClasse VIRTUELLE_FR_2020<\/a><\/p>\n<p><span style=\"color: #000000\">Je vous rappelle que je reste \u00e0 votre disposition via trois formes: sms\/mail\/t\u00e9l\u00e9phone.\u00a0 Si vous avez un besoin pour votre enfant ou manquez de mat\u00e9riel, n&#8217;h\u00e9sitez pas \u00e0 m&#8217;en faire part, nous essaierons de trouver une solution pratique.<\/span><\/p>\n<p>Voici enfin les activit\u00e9s de ce jour&#8230;<\/p>\n<p><span style=\"color: #000000\"><strong>DICTEE et ECRITURE du jour<\/strong><\/span><\/p>\n<p><a href=\"http:\/\/elem-granvelle-besancon.ac-besancon.fr\/wp-content\/uploads\/sites\/15\/2020\/03\/DICTEE-12-bdp-accompagnement.pdf\">DICTEE 12 (b)(d)(p) accompagnement<\/a><\/p>\n<p><a href=\"http:\/\/elem-granvelle-besancon.ac-besancon.fr\/wp-content\/uploads\/sites\/15\/2020\/03\/DICTEE-12-bdp.pdf\">DICTEE 12 (b)(d)(p)<\/a><\/p>\n<p><span style=\"color: #000000\"><strong>LECTURE du jour<\/strong><\/span><\/p>\n<p><a href=\"http:\/\/elem-granvelle-besancon.ac-besancon.fr\/wp-content\/uploads\/sites\/15\/2020\/03\/LECTURE-SEANCE-1-fiche-daccompagnement.pdf\">LECTURE SEANCE 1 fiche d&#8217;accompagnement<\/a><\/p>\n<p><a href=\"http:\/\/elem-granvelle-besancon.ac-besancon.fr\/wp-content\/uploads\/sites\/15\/2020\/03\/LE-PINCEAU-MAGIQUE-4-compr\u00e9hension.pdf\">LE PINCEAU MAGIQUE 4 compr\u00e9hension<\/a><\/p>\n<p><a href=\"http:\/\/elem-granvelle-besancon.ac-besancon.fr\/wp-content\/uploads\/sites\/15\/2020\/03\/LE-PINCEAU-MAGIQUE-4a-lecture-de-phrases.pdf\">LE PINCEAU MAGIQUE 4a lecture de phrases<\/a><\/p>\n<p><span style=\"color: #000000\"><strong>MATHEMATIQUES du jour<\/strong><\/span><\/p>\n<p><a href=\"http:\/\/elem-granvelle-besancon.ac-besancon.fr\/wp-content\/uploads\/sites\/15\/2020\/03\/MATHS-SEANCE-77b-fiche-guide.pdf\">MATHS SEANCE 77b fiche guide<\/a><\/p>\n<p><a href=\"http:\/\/elem-granvelle-besancon.ac-besancon.fr\/wp-content\/uploads\/sites\/15\/2020\/03\/FICHE-s\u00e9ance-77b-1.pdf\">FICHE s\u00e9ance 77b<\/a><\/p>\n<p><strong><span style=\"color: #000000\">ETUDE DU CODE s\u00e9ance 1<\/span><\/strong><\/p>\n<p><a href=\"http:\/\/elem-granvelle-besancon.ac-besancon.fr\/wp-content\/uploads\/sites\/15\/2020\/03\/ETUDE-DU-CODE-SEANCE-1-2.pdf\">ETUDE DU CODE SEANCE 1<\/a><\/p>\n<p><a href=\"http:\/\/elem-granvelle-besancon.ac-besancon.fr\/wp-content\/uploads\/sites\/15\/2020\/03\/FICHE-SON-f-1.pdf\">FICHE SON [f] 1<\/a><\/p>\n<p><a href=\"http:\/\/elem-granvelle-besancon.ac-besancon.fr\/wp-content\/uploads\/sites\/15\/2020\/03\/TABLEAU-rep\u00e9rage-de-SON-f.pdf\">TABLEAU rep\u00e9rage de SON [f]<\/a><\/p>\n<p><strong><span style=\"color: #000000\">DEVOIR pour JEUDI 02 AVRIL<\/span><\/strong><\/p>\n<p><span style=\"color: #ff0000\"><strong>APPRENDRE la liste 12 des mots le\u00e7on F20<\/strong><\/span><\/p>\n<p><a href=\"http:\/\/elem-granvelle-besancon.ac-besancon.fr\/wp-content\/uploads\/sites\/15\/2020\/03\/F20-lorthographe-des-mots4-1.pdf\">F20 l&#8217;orthographe des mots4<\/a><\/p>\n<p>&nbsp;<\/p>\n","protected":false},"excerpt":{"rendered":"<p>Bonjour les enfants et les parents. Ce weekend dimanche 29 mars \u00e0 2 heures du matin, il \u00e9tait 3 heures. Nous avons avanc\u00e9 d\u2019une heure. Autrement dit, il a fallu ajouter 60 minutes \u00e0 l\u2019heure affich\u00e9e et donc nous avons &hellip; <a href=\"http:\/\/elem-granvelle-besancon.ac-besancon.fr\/?p=4072\">Continuer la lecture <span class=\"meta-nav\">&rarr;<\/span><\/a><\/p>\n","protected":false},"author":16,"featured_media":0,"comment_status":"closed","ping_status":"open","sticky":false,"template":"","format":"standard","meta":{"footnotes":""},"categories":[5],"tags":[],"class_list":["post-4072","post","type-post","status-publish","format-standard","hentry","category-classe-cp"],"_links":{"self":[{"href":"http:\/\/elem-granvelle-besancon.ac-besancon.fr\/index.php?rest_route=\/wp\/v2\/posts\/4072","targetHints":{"allow":["GET"]}}],"collection":[{"href":"http:\/\/elem-granvelle-besancon.ac-besancon.fr\/index.php?rest_route=\/wp\/v2\/posts"}],"about":[{"href":"http:\/\/elem-granvelle-besancon.ac-besancon.fr\/index.php?rest_route=\/wp\/v2\/types\/post"}],"author":[{"embeddable":true,"href":"http:\/\/elem-granvelle-besancon.ac-besancon.fr\/index.php?rest_route=\/wp\/v2\/users\/16"}],"replies":[{"embeddable":true,"href":"http:\/\/elem-granvelle-besancon.ac-besancon.fr\/index.php?rest_route=%2Fwp%2Fv2%2Fcomments&post=4072"}],"version-history":[{"count":6,"href":"http:\/\/elem-granvelle-besancon.ac-besancon.fr\/index.php?rest_route=\/wp\/v2\/posts\/4072\/revisions"}],"predecessor-version":[{"id":4091,"href":"http:\/\/elem-granvelle-besancon.ac-besancon.fr\/index.php?rest_route=\/wp\/v2\/posts\/4072\/revisions\/4091"}],"wp:attachment":[{"href":"http:\/\/elem-granvelle-besancon.ac-besancon.fr\/index.php?rest_route=%2Fwp%2Fv2%2Fmedia&parent=4072"}],"wp:term":[{"taxonomy":"category","embeddable":true,"href":"http:\/\/elem-granvelle-besancon.ac-besancon.fr\/index.php?rest_route=%2Fwp%2Fv2%2Fcategories&post=4072"},{"taxonomy":"post_tag","embeddable":true,"href":"http:\/\/elem-granvelle-besancon.ac-besancon.fr\/index.php?rest_route=%2Fwp%2Fv2%2Ftags&post=4072"}],"curies":[{"name":"wp","href":"https:\/\/api.w.org\/{rel}","templated":true}]}}