{"id":4137,"date":"2020-03-30T18:15:52","date_gmt":"2020-03-30T16:15:52","guid":{"rendered":"http:\/\/elem-granvelle-besancon.ac-besancon.fr\/?p=4137"},"modified":"2020-03-30T18:18:22","modified_gmt":"2020-03-30T16:18:22","slug":"mardi-30-mars-2020-cm1-cm2","status":"publish","type":"post","link":"http:\/\/elem-granvelle-besancon.ac-besancon.fr\/?p=4137","title":{"rendered":"MARDI 31 MARS 2020 CM1 CM2"},"content":{"rendered":"<p>Bonjour. N&#8217;h\u00e9sitez \u00e0 ma dire si des cr\u00e9ations n&#8217;ont pas \u00e9t\u00e9 publi\u00e9es..<\/p>\n<p>Pierre m&#8217;envoie sa frise&#8230;<\/p>\n<p><img loading=\"lazy\" decoding=\"async\" class=\"alignleft size-medium wp-image-4139\" src=\"http:\/\/elem-granvelle-besancon.ac-besancon.fr\/wp-content\/uploads\/sites\/15\/2020\/03\/Pierre-frise-300x225.jpg\" alt=\"\" width=\"300\" height=\"225\" srcset=\"http:\/\/elem-granvelle-besancon.ac-besancon.fr\/wp-content\/uploads\/sites\/15\/2020\/03\/Pierre-frise-300x225.jpg 300w, http:\/\/elem-granvelle-besancon.ac-besancon.fr\/wp-content\/uploads\/sites\/15\/2020\/03\/Pierre-frise-1024x768.jpg 1024w, http:\/\/elem-granvelle-besancon.ac-besancon.fr\/wp-content\/uploads\/sites\/15\/2020\/03\/Pierre-frise-768x576.jpg 768w, http:\/\/elem-granvelle-besancon.ac-besancon.fr\/wp-content\/uploads\/sites\/15\/2020\/03\/Pierre-frise-400x300.jpg 400w, http:\/\/elem-granvelle-besancon.ac-besancon.fr\/wp-content\/uploads\/sites\/15\/2020\/03\/Pierre-frise.jpg 1280w\" sizes=\"auto, (max-width: 300px) 100vw, 300px\" \/><\/p>\n<p>&nbsp;<\/p>\n<p>&nbsp;<\/p>\n<p>&nbsp;<\/p>\n<p>&nbsp;<\/p>\n<p>&nbsp;<\/p>\n<p>&nbsp;<\/p>\n<p><strong>Au fait, bon anniversaire <span style=\"color: #ff0000\">Pierre!<\/span><\/strong><\/p>\n<p>C&#8217;est parti!<\/p>\n<p><span style=\"color: #ff0000\">Phrase du jour\u00a0\u00a0\u00a0\u00a0\u00a0<\/span><\/p>\n<p><img loading=\"lazy\" decoding=\"async\" class=\" wp-image-4140\" src=\"http:\/\/elem-granvelle-besancon.ac-besancon.fr\/wp-content\/uploads\/sites\/15\/2020\/03\/IMG_20180915_115308-300x225.jpg\" alt=\"\" width=\"427\" height=\"324\" \/><\/p>\n<p><span style=\"font-family: UD Digi Kyokasho N-B, serif\">Quatrain 02<\/span><\/p>\n<p><span style=\"font-family: UD Digi Kyokasho N-B, serif\">Le jour se l\u00e8ve chaque matin<\/span><\/p>\n<p><span style=\"font-family: UD Digi Kyokasho N-B, serif\">soleil, oiseaux et romarin<\/span><\/p>\n<p><span style=\"font-family: UD Digi Kyokasho N-B, serif\">Constants, ils suivent leur instinct<\/span><\/p>\n<p><span style=\"font-family: UD Digi Kyokasho N-B, serif\">Th\u00e9\u00e2tre humain s&#8217;agite moins..<\/span><\/p>\n<p>&nbsp;<\/p>\n<h1><span style=\"color: #ff0000\">Histoire de l&#8217;art<\/span> : <a href=\"https:\/\/youtu.be\/IPfDYXDD2bs\">Joueuse de polo<\/a><\/h1>\n<p>l&#8217;\u00e9pisode &#8221; une minute au mus\u00e9e&#8221; correspondant n&#8217;est plus disponible\u2026 Note sur la page : &#8221; Joueuse de polo &#8211; Chine- dynastie TANG &#8211; 618\u00a0 907&#8243;<\/p>\n<h1><span style=\"color: #ff0000\">English\u00a0<\/span><\/h1>\n<h1>Alice n\u00b07\u00a0 &#8211; essaie d&#8217;apprendre la phrase par c\u0153ur&#8230;<\/h1>\n<audio class=\"wp-audio-shortcode\" id=\"audio-4137-1\" preload=\"none\" style=\"width: 100%;\" controls=\"controls\"><source type=\"audio\/mpeg\" src=\"http:\/\/elem-granvelle-besancon.ac-besancon.fr\/wp-content\/uploads\/sites\/15\/2020\/03\/Track-No07.mp3?_=1\" \/><a href=\"http:\/\/elem-granvelle-besancon.ac-besancon.fr\/wp-content\/uploads\/sites\/15\/2020\/03\/Track-No07.mp3\">http:\/\/elem-granvelle-besancon.ac-besancon.fr\/wp-content\/uploads\/sites\/15\/2020\/03\/Track-No07.mp3<\/a><\/audio>\n<p><strong>Fiche de r\u00e9vision<\/strong>: Play and remember<\/p>\n<p><a href=\"http:\/\/elem-granvelle-besancon.ac-besancon.fr\/wp-content\/uploads\/sites\/15\/2020\/03\/ANG-r\u00e9visions-fiche-S23-J2.pdf\">ANG r\u00e9visions fiche S23 J2<\/a><\/p>\n<h1><span style=\"color: #ff0000\">Calcul mental<\/span>: suite de la fiche de vendredi<\/h1>\n<p><span style=\"float: none;background-color: #ffffff;color: inherit;font-family: 'Helvetica Neue',Helvetica,Arial,sans-serif;font-size: 15px;font-style: inherit;font-variant: normal;font-weight: 300;letter-spacing: normal;line-height: 1.625;text-align: left;text-decoration: none;text-indent: 0px;text-transform: none\">Maths: calcul \u00a0\u00a0 <\/span><a style=\"color: #1b8be0;quot;quot;,helvetica,arial,sans-serif;font-size: 15px;font-style: inherit;font-variant: normal;font-weight: inherit;letter-spacing: normal;line-height: 1.625;text-align: left;text-decoration: none;text-indent: 0px;text-transform: none\" href=\"http:\/\/elem-granvelle-besancon.ac-besancon.fr\/wp-content\/uploads\/sites\/15\/2020\/03\/Division-naturels01.pdf\">Division-naturels01 \u00a0 \u00a0\u00a0 <strong>EXERCICE 1<\/strong><\/a><b><\/b><i><\/i><u><\/u><\/p>\n<h1><span style=\"color: #ff0000\">Maths:\u00a0 les fractions<\/span> &#8211; r\u00e9visions et premiers pas vers les fractions d\u00e9cimales<\/h1>\n<p><a href=\"http:\/\/elem-granvelle-besancon.ac-besancon.fr\/wp-content\/uploads\/sites\/15\/2020\/03\/MA-Fractions-r\u00e9visions.pdf\">MA Fractions r\u00e9visions<\/a><\/p>\n<h1><span style=\"color: #ff0000\">R\u00e9cr\u00e9ation<\/span><\/h1>\n<p><a href=\"http:\/\/elem-granvelle-besancon.ac-besancon.fr\/?attachment_id=4209\" rel=\"attachment wp-att-4209\"><img loading=\"lazy\" decoding=\"async\" class=\"alignleft size-large wp-image-4209\" src=\"http:\/\/elem-granvelle-besancon.ac-besancon.fr\/wp-content\/uploads\/sites\/15\/2020\/03\/05-Apolline-vian-766x1024.jpg\" alt=\"\" width=\"584\" height=\"781\" srcset=\"http:\/\/elem-granvelle-besancon.ac-besancon.fr\/wp-content\/uploads\/sites\/15\/2020\/03\/05-Apolline-vian-766x1024.jpg 766w, http:\/\/elem-granvelle-besancon.ac-besancon.fr\/wp-content\/uploads\/sites\/15\/2020\/03\/05-Apolline-vian-224x300.jpg 224w, http:\/\/elem-granvelle-besancon.ac-besancon.fr\/wp-content\/uploads\/sites\/15\/2020\/03\/05-Apolline-vian-768x1027.jpg 768w, http:\/\/elem-granvelle-besancon.ac-besancon.fr\/wp-content\/uploads\/sites\/15\/2020\/03\/05-Apolline-vian-1149x1536.jpg 1149w, http:\/\/elem-granvelle-besancon.ac-besancon.fr\/wp-content\/uploads\/sites\/15\/2020\/03\/05-Apolline-vian-1532x2048.jpg 1532w, http:\/\/elem-granvelle-besancon.ac-besancon.fr\/wp-content\/uploads\/sites\/15\/2020\/03\/05-Apolline-vian-scaled.jpg 1915w\" sizes=\"auto, (max-width: 584px) 100vw, 584px\" \/><\/a><\/p>\n<p><img loading=\"lazy\" decoding=\"async\" class=\"alignleft size-large wp-image-4189\" src=\"http:\/\/elem-granvelle-besancon.ac-besancon.fr\/wp-content\/uploads\/sites\/15\/2020\/03\/09-Clovis.-troubadour-730x1024.jpeg\" alt=\"\" width=\"584\" height=\"819\" srcset=\"http:\/\/elem-granvelle-besancon.ac-besancon.fr\/wp-content\/uploads\/sites\/15\/2020\/03\/09-Clovis.-troubadour-730x1024.jpeg 730w, http:\/\/elem-granvelle-besancon.ac-besancon.fr\/wp-content\/uploads\/sites\/15\/2020\/03\/09-Clovis.-troubadour-214x300.jpeg 214w, http:\/\/elem-granvelle-besancon.ac-besancon.fr\/wp-content\/uploads\/sites\/15\/2020\/03\/09-Clovis.-troubadour-768x1077.jpeg 768w, http:\/\/elem-granvelle-besancon.ac-besancon.fr\/wp-content\/uploads\/sites\/15\/2020\/03\/09-Clovis.-troubadour-1095x1536.jpeg 1095w, http:\/\/elem-granvelle-besancon.ac-besancon.fr\/wp-content\/uploads\/sites\/15\/2020\/03\/09-Clovis.-troubadour-1460x2048.jpeg 1460w, http:\/\/elem-granvelle-besancon.ac-besancon.fr\/wp-content\/uploads\/sites\/15\/2020\/03\/09-Clovis.-troubadour-scaled.jpeg 1825w\" sizes=\"auto, (max-width: 584px) 100vw, 584px\" \/><\/p>\n<p><img loading=\"lazy\" decoding=\"async\" class=\"alignleft wp-image-4190 size-large\" src=\"http:\/\/elem-granvelle-besancon.ac-besancon.fr\/wp-content\/uploads\/sites\/15\/2020\/03\/25-Violette-timbre-scaled-e1585580988852-1024x768.jpg\" alt=\"\" width=\"584\" height=\"438\" srcset=\"http:\/\/elem-granvelle-besancon.ac-besancon.fr\/wp-content\/uploads\/sites\/15\/2020\/03\/25-Violette-timbre-scaled-e1585580988852-1024x768.jpg 1024w, http:\/\/elem-granvelle-besancon.ac-besancon.fr\/wp-content\/uploads\/sites\/15\/2020\/03\/25-Violette-timbre-scaled-e1585580988852-300x225.jpg 300w, http:\/\/elem-granvelle-besancon.ac-besancon.fr\/wp-content\/uploads\/sites\/15\/2020\/03\/25-Violette-timbre-scaled-e1585580988852-768x576.jpg 768w, http:\/\/elem-granvelle-besancon.ac-besancon.fr\/wp-content\/uploads\/sites\/15\/2020\/03\/25-Violette-timbre-scaled-e1585580988852-1536x1152.jpg 1536w, http:\/\/elem-granvelle-besancon.ac-besancon.fr\/wp-content\/uploads\/sites\/15\/2020\/03\/25-Violette-timbre-scaled-e1585580988852-2048x1536.jpg 2048w, http:\/\/elem-granvelle-besancon.ac-besancon.fr\/wp-content\/uploads\/sites\/15\/2020\/03\/25-Violette-timbre-scaled-e1585580988852-400x300.jpg 400w\" sizes=\"auto, (max-width: 584px) 100vw, 584px\" \/><\/p>\n<h1><a href=\"http:\/\/elem-granvelle-besancon.ac-besancon.fr\/?attachment_id=4195\" rel=\"attachment wp-att-4195\"><img loading=\"lazy\" decoding=\"async\" class=\"alignleft size-large wp-image-4195\" src=\"http:\/\/elem-granvelle-besancon.ac-besancon.fr\/wp-content\/uploads\/sites\/15\/2020\/03\/04-Jos\u00e9phine-vian-715x1024.jpg\" alt=\"\" width=\"584\" height=\"836\" srcset=\"http:\/\/elem-granvelle-besancon.ac-besancon.fr\/wp-content\/uploads\/sites\/15\/2020\/03\/04-Jos\u00e9phine-vian-715x1024.jpg 715w, http:\/\/elem-granvelle-besancon.ac-besancon.fr\/wp-content\/uploads\/sites\/15\/2020\/03\/04-Jos\u00e9phine-vian-210x300.jpg 210w, http:\/\/elem-granvelle-besancon.ac-besancon.fr\/wp-content\/uploads\/sites\/15\/2020\/03\/04-Jos\u00e9phine-vian-768x1099.jpg 768w, http:\/\/elem-granvelle-besancon.ac-besancon.fr\/wp-content\/uploads\/sites\/15\/2020\/03\/04-Jos\u00e9phine-vian-1073x1536.jpg 1073w, http:\/\/elem-granvelle-besancon.ac-besancon.fr\/wp-content\/uploads\/sites\/15\/2020\/03\/04-Jos\u00e9phine-vian-1431x2048.jpg 1431w, http:\/\/elem-granvelle-besancon.ac-besancon.fr\/wp-content\/uploads\/sites\/15\/2020\/03\/04-Jos\u00e9phine-vian.jpg 1632w\" sizes=\"auto, (max-width: 584px) 100vw, 584px\" \/><\/a> <a href=\"http:\/\/elem-granvelle-besancon.ac-besancon.fr\/?attachment_id=4196\" rel=\"attachment wp-att-4196\"><img loading=\"lazy\" decoding=\"async\" class=\"alignleft size-large wp-image-4196\" src=\"http:\/\/elem-granvelle-besancon.ac-besancon.fr\/wp-content\/uploads\/sites\/15\/2020\/03\/04-Jos\u00e9phine-trouba-696x1024.jpg\" alt=\"\" width=\"584\" height=\"859\" srcset=\"http:\/\/elem-granvelle-besancon.ac-besancon.fr\/wp-content\/uploads\/sites\/15\/2020\/03\/04-Jos\u00e9phine-trouba-696x1024.jpg 696w, http:\/\/elem-granvelle-besancon.ac-besancon.fr\/wp-content\/uploads\/sites\/15\/2020\/03\/04-Jos\u00e9phine-trouba-204x300.jpg 204w, http:\/\/elem-granvelle-besancon.ac-besancon.fr\/wp-content\/uploads\/sites\/15\/2020\/03\/04-Jos\u00e9phine-trouba-768x1129.jpg 768w, http:\/\/elem-granvelle-besancon.ac-besancon.fr\/wp-content\/uploads\/sites\/15\/2020\/03\/04-Jos\u00e9phine-trouba-1044x1536.jpg 1044w, http:\/\/elem-granvelle-besancon.ac-besancon.fr\/wp-content\/uploads\/sites\/15\/2020\/03\/04-Jos\u00e9phine-trouba-1393x2048.jpg 1393w, http:\/\/elem-granvelle-besancon.ac-besancon.fr\/wp-content\/uploads\/sites\/15\/2020\/03\/04-Jos\u00e9phine-trouba.jpg 1632w\" sizes=\"auto, (max-width: 584px) 100vw, 584px\" \/><\/a> <a href=\"http:\/\/elem-granvelle-besancon.ac-besancon.fr\/?attachment_id=4197\" rel=\"attachment wp-att-4197\"><img loading=\"lazy\" decoding=\"async\" class=\"alignleft size-large wp-image-4197\" src=\"http:\/\/elem-granvelle-besancon.ac-besancon.fr\/wp-content\/uploads\/sites\/15\/2020\/03\/Frise-Lucas-1024x507.jpg\" alt=\"\" width=\"584\" height=\"289\" srcset=\"http:\/\/elem-granvelle-besancon.ac-besancon.fr\/wp-content\/uploads\/sites\/15\/2020\/03\/Frise-Lucas-1024x507.jpg 1024w, http:\/\/elem-granvelle-besancon.ac-besancon.fr\/wp-content\/uploads\/sites\/15\/2020\/03\/Frise-Lucas-300x148.jpg 300w, http:\/\/elem-granvelle-besancon.ac-besancon.fr\/wp-content\/uploads\/sites\/15\/2020\/03\/Frise-Lucas-768x380.jpg 768w, http:\/\/elem-granvelle-besancon.ac-besancon.fr\/wp-content\/uploads\/sites\/15\/2020\/03\/Frise-Lucas-1536x760.jpg 1536w, http:\/\/elem-granvelle-besancon.ac-besancon.fr\/wp-content\/uploads\/sites\/15\/2020\/03\/Frise-Lucas-500x247.jpg 500w, http:\/\/elem-granvelle-besancon.ac-besancon.fr\/wp-content\/uploads\/sites\/15\/2020\/03\/Frise-Lucas.jpg 1900w\" sizes=\"auto, (max-width: 584px) 100vw, 584px\" \/><\/a><\/h1>\n<p>&nbsp;<\/p>\n<h1>Encore du tr\u00e8s bon travail !!! et la perspective sur le travail de Clovis!<\/h1>\n<h1><span style=\"color: #ff0000\"><strong>G\u00e9ograhie:<\/strong><\/span> L&#8217;Europe<\/h1>\n<p><img loading=\"lazy\" decoding=\"async\" class=\"alignleft wp-image-4177\" style=\"color: inherit;float: left;quot;quot;,helvetica,arial,sans-serif;font-size: 15px;font-style: inherit;font-variant: normal;font-weight: inherit;height: auto;letter-spacing: normal;line-height: 1.625;max-width: 97.5%;text-align: left;text-decoration: none;text-indent: 0px;text-transform: none;padding: 6px;margin: 0.5em 1.62em 1.62em 0px;border: 1px solid #dddddd\" src=\"http:\/\/elem-granvelle-besancon.ac-besancon.fr\/wp-content\/uploads\/sites\/15\/2020\/03\/Europe-la-carte-deurope-300x255.jpg\" alt=\"\" width=\"434\" height=\"371\" \/><b><\/b><i><\/i><u><\/u><\/p>\n<p>&nbsp;<\/p>\n<p>&nbsp;<\/p>\n<p>&nbsp;<\/p>\n<p>&nbsp;<\/p>\n<p>&nbsp;<\/p>\n<p>&nbsp;<\/p>\n<p>&nbsp;<\/p>\n<p>&nbsp;<\/p>\n<p>&nbsp;<\/p>\n<p><a href=\"http:\/\/elem-granvelle-besancon.ac-besancon.fr\/wp-content\/uploads\/sites\/15\/2020\/03\/GEO-02-continent-europ\u00e9en-conna\u00eetre.pdf\">GEO 02 continent europ\u00e9en conna\u00eetre<\/a><\/p>\n<h1><span style=\"color: #ff0000\">Grammaire:<\/span> On termine sur l&#8217;adjectif \u00e9pith\u00e8te ou attribut ( pas facile)<\/h1>\n<p><a href=\"http:\/\/elem-granvelle-besancon.ac-besancon.fr\/wp-content\/uploads\/sites\/15\/2020\/03\/GR-fiche-03-adjectifs-\u00e9pi-attri.pdf\">GR fiche 03 adjectifs \u00e9pi attri<\/a><\/p>\n<p>&nbsp;<\/p>\n<h1><span style=\"color: #ff0000\">R\u00e9cr\u00e9ation 2<\/span><\/h1>\n<div id=\"attachment_4225\" style=\"width: 594px\" class=\"wp-caption alignleft\"><a href=\"http:\/\/elem-granvelle-besancon.ac-besancon.fr\/?attachment_id=4225\" rel=\"attachment wp-att-4225\"><img loading=\"lazy\" decoding=\"async\" aria-describedby=\"caption-attachment-4225\" class=\"size-large wp-image-4225\" src=\"http:\/\/elem-granvelle-besancon.ac-besancon.fr\/wp-content\/uploads\/sites\/15\/2020\/03\/16-Else-timbre-768x1024.jpg\" alt=\"\" width=\"584\" height=\"779\" \/><\/a><p id=\"caption-attachment-4225\" class=\"wp-caption-text\">bty<\/p><\/div>\n<p><strong>Mes idoles, j&#8217;adore!\u00a0 Merci Else!<\/strong><\/p>\n<h1><span style=\"color: #ff0000\">Histoire des civilisations<\/span><\/h1>\n<p><a href=\"https:\/\/youtu.be\/uOLG1GJLfas\">Feuilleton\u00a0 Les Shadoks 02<\/a><\/p>\n<p><span style=\"color: #ff0000\">Questions Shadoks\u00a0<\/span><\/p>\n<p>Comment s&#8217;appellent les extraterrestres\u00a0? ( 2 r\u00e9ponses)<\/p>\n<p>Quels sont leur projet commun\u00a0?<\/p>\n<p>Quels probl\u00e8mes ont-ils avec leur plan\u00e8te ? Quelle est la forme de ces derni\u00e8res ?<\/p>\n<h1><span style=\"color: #ff0000\">Histoire de la musique: la musique baroque<\/span><\/h1>\n<h1>le compositeur le plus c\u00e9l\u00e8bre &#8230; J.S BACH\u00a0 1685 &#8211; 1750<\/h1>\n<p><a href=\"https:\/\/youtu.be\/Nnuq9PXbywA\">Un morceau tr\u00e8s c\u00e9l\u00e8bre \u00e0 l&#8217;orgue\u00a0 \u00a0 \u00a0 \u00a0 \u00a0 8&#8242; 32&#8221; de bonheur<\/a><\/p>\n<p>Attention les enceintes vont fondre&#8230; On a l&#8217;impression que l&#8217;on va s&#8217;\u00e9lever du sol !<\/p>\n<p><a href=\"http:\/\/elem-granvelle-besancon.ac-besancon.fr\/?attachment_id=4202\" rel=\"attachment wp-att-4202\"><img loading=\"lazy\" decoding=\"async\" class=\"alignleft size-full wp-image-4202\" src=\"http:\/\/elem-granvelle-besancon.ac-besancon.fr\/wp-content\/uploads\/sites\/15\/2020\/03\/Bach.jpg\" alt=\"\" width=\"295\" height=\"390\" srcset=\"http:\/\/elem-granvelle-besancon.ac-besancon.fr\/wp-content\/uploads\/sites\/15\/2020\/03\/Bach.jpg 295w, http:\/\/elem-granvelle-besancon.ac-besancon.fr\/wp-content\/uploads\/sites\/15\/2020\/03\/Bach-227x300.jpg 227w\" sizes=\"auto, (max-width: 295px) 100vw, 295px\" \/><\/a><\/p>\n<p>&nbsp;<\/p>\n<p>&nbsp;<\/p>\n<p>&nbsp;<\/p>\n<p>&nbsp;<\/p>\n<p>&nbsp;<\/p>\n<p>&nbsp;<\/p>\n<p>&nbsp;<\/p>\n<p>&nbsp;<\/p>\n<p>&nbsp;<\/p>\n<p>&nbsp;<\/p>\n<p>&nbsp;<\/p>\n","protected":false},"excerpt":{"rendered":"<p>Bonjour. N&#8217;h\u00e9sitez \u00e0 ma dire si des cr\u00e9ations n&#8217;ont pas \u00e9t\u00e9 publi\u00e9es.. Pierre m&#8217;envoie sa frise&#8230; &nbsp; &nbsp; &nbsp; &nbsp; &nbsp; &nbsp; Au fait, bon anniversaire Pierre! C&#8217;est parti! Phrase du jour\u00a0\u00a0\u00a0\u00a0\u00a0 Quatrain 02 Le jour se l\u00e8ve chaque matin &hellip; <a href=\"http:\/\/elem-granvelle-besancon.ac-besancon.fr\/?p=4137\">Continuer la lecture <span class=\"meta-nav\">&rarr;<\/span><\/a><\/p>\n","protected":false},"author":16,"featured_media":0,"comment_status":"closed","ping_status":"open","sticky":false,"template":"","format":"standard","meta":{"footnotes":""},"categories":[1],"tags":[],"class_list":["post-4137","post","type-post","status-publish","format-standard","hentry","category-classe-cm2"],"_links":{"self":[{"href":"http:\/\/elem-granvelle-besancon.ac-besancon.fr\/index.php?rest_route=\/wp\/v2\/posts\/4137","targetHints":{"allow":["GET"]}}],"collection":[{"href":"http:\/\/elem-granvelle-besancon.ac-besancon.fr\/index.php?rest_route=\/wp\/v2\/posts"}],"about":[{"href":"http:\/\/elem-granvelle-besancon.ac-besancon.fr\/index.php?rest_route=\/wp\/v2\/types\/post"}],"author":[{"embeddable":true,"href":"http:\/\/elem-granvelle-besancon.ac-besancon.fr\/index.php?rest_route=\/wp\/v2\/users\/16"}],"replies":[{"embeddable":true,"href":"http:\/\/elem-granvelle-besancon.ac-besancon.fr\/index.php?rest_route=%2Fwp%2Fv2%2Fcomments&post=4137"}],"version-history":[{"count":16,"href":"http:\/\/elem-granvelle-besancon.ac-besancon.fr\/index.php?rest_route=\/wp\/v2\/posts\/4137\/revisions"}],"predecessor-version":[{"id":4232,"href":"http:\/\/elem-granvelle-besancon.ac-besancon.fr\/index.php?rest_route=\/wp\/v2\/posts\/4137\/revisions\/4232"}],"wp:attachment":[{"href":"http:\/\/elem-granvelle-besancon.ac-besancon.fr\/index.php?rest_route=%2Fwp%2Fv2%2Fmedia&parent=4137"}],"wp:term":[{"taxonomy":"category","embeddable":true,"href":"http:\/\/elem-granvelle-besancon.ac-besancon.fr\/index.php?rest_route=%2Fwp%2Fv2%2Fcategories&post=4137"},{"taxonomy":"post_tag","embeddable":true,"href":"http:\/\/elem-granvelle-besancon.ac-besancon.fr\/index.php?rest_route=%2Fwp%2Fv2%2Ftags&post=4137"}],"curies":[{"name":"wp","href":"https:\/\/api.w.org\/{rel}","templated":true}]}}