{"id":4205,"date":"2020-03-30T19:00:56","date_gmt":"2020-03-30T17:00:56","guid":{"rendered":"http:\/\/elem-granvelle-besancon.ac-besancon.fr\/?p=4205"},"modified":"2020-03-31T10:04:13","modified_gmt":"2020-03-31T08:04:13","slug":"mardi-31-mars-activites-cp","status":"publish","type":"post","link":"http:\/\/elem-granvelle-besancon.ac-besancon.fr\/?p=4205","title":{"rendered":"MARDI 31 MARS activit\u00e9s CP"},"content":{"rendered":"<p><a href=\"http:\/\/elem-granvelle-besancon.ac-besancon.fr\/?attachment_id=4207\" rel=\"attachment wp-att-4207\"><img loading=\"lazy\" decoding=\"async\" class=\"alignleft size-medium wp-image-4207\" src=\"http:\/\/elem-granvelle-besancon.ac-besancon.fr\/wp-content\/uploads\/sites\/15\/2020\/03\/Screenshot_20200330-094733_Messages-300x226.jpg\" alt=\"\" width=\"300\" height=\"226\" srcset=\"http:\/\/elem-granvelle-besancon.ac-besancon.fr\/wp-content\/uploads\/sites\/15\/2020\/03\/Screenshot_20200330-094733_Messages-300x226.jpg 300w, http:\/\/elem-granvelle-besancon.ac-besancon.fr\/wp-content\/uploads\/sites\/15\/2020\/03\/Screenshot_20200330-094733_Messages-1024x770.jpg 1024w, http:\/\/elem-granvelle-besancon.ac-besancon.fr\/wp-content\/uploads\/sites\/15\/2020\/03\/Screenshot_20200330-094733_Messages-768x577.jpg 768w, http:\/\/elem-granvelle-besancon.ac-besancon.fr\/wp-content\/uploads\/sites\/15\/2020\/03\/Screenshot_20200330-094733_Messages-399x300.jpg 399w, http:\/\/elem-granvelle-besancon.ac-besancon.fr\/wp-content\/uploads\/sites\/15\/2020\/03\/Screenshot_20200330-094733_Messages.jpg 1426w\" sizes=\"auto, (max-width: 300px) 100vw, 300px\" \/><\/a><\/p>\n<p>&nbsp;<\/p>\n<p>&nbsp;<\/p>\n<p>&nbsp;<\/p>\n<p>&nbsp;<\/p>\n<p>&nbsp;<\/p>\n<p>&nbsp;<\/p>\n<p><span style=\"color: #000000\"><strong>ECRITURE du jour<\/strong><\/span><\/p>\n<p><a href=\"http:\/\/elem-granvelle-besancon.ac-besancon.fr\/?attachment_id=4210\" rel=\"attachment wp-att-4210\">ECRITURE du jour fiche d&#8217;accompagnement<\/a><\/p>\n<p><a href=\"http:\/\/elem-granvelle-besancon.ac-besancon.fr\/?attachment_id=4233\" rel=\"attachment wp-att-4233\">FICHE \u00e9criture droitier lettre f<\/a><\/p>\n<p><a href=\"http:\/\/elem-granvelle-besancon.ac-besancon.fr\/?attachment_id=4234\" rel=\"attachment wp-att-4234\">FICHE \u00e9criture gaucher lettre f<\/a><\/p>\n<p><strong><span style=\"color: #000000\">LECTURE du jour<\/span><\/strong><\/p>\n<p><a href=\"http:\/\/elem-granvelle-besancon.ac-besancon.fr\/?attachment_id=4287\" rel=\"attachment wp-att-4287\">LECTURE SEANCE 2 fiche d&#8217;accompagnement<\/a><\/p>\n<p><a href=\"http:\/\/elem-granvelle-besancon.ac-besancon.fr\/?attachment_id=4290\" rel=\"attachment wp-att-4290\">LECTURE SEANCE 2 fiche compr\u00e9hension 4<\/a><\/p>\n<p><a href=\"http:\/\/elem-granvelle-besancon.ac-besancon.fr\/?attachment_id=4215\" rel=\"attachment wp-att-4215\">LECTURE SEANCE 2 fiche activit\u00e9<\/a><\/p>\n<p><a href=\"http:\/\/elem-granvelle-besancon.ac-besancon.fr\/?attachment_id=4217\" rel=\"attachment wp-att-4217\">FICHE Je m&#8217;entraine \u00e0 lire 9<\/a><\/p>\n<p><strong><span style=\"color: #000000\">MATHEMATIQUES du jour<\/span><\/strong><\/p>\n<p><a href=\"http:\/\/elem-granvelle-besancon.ac-besancon.fr\/?attachment_id=4218\" rel=\"attachment wp-att-4218\">MATHS SEANCE 78 guide<\/a><\/p>\n<p><a href=\"http:\/\/elem-granvelle-besancon.ac-besancon.fr\/?attachment_id=4224\" rel=\"attachment wp-att-4224\">Le\u00e7on M11 les doubles 2<\/a><\/p>\n<p><a href=\"http:\/\/elem-granvelle-besancon.ac-besancon.fr\/?attachment_id=4219\" rel=\"attachment wp-att-4219\">BARRES DE 10 ET UNITES<\/a><\/p>\n<p><strong><span style=\"color: #000000\">ETUDE DU CODE s\u00e9ance 2<\/span><\/strong><\/p>\n<p><a href=\"http:\/\/elem-granvelle-besancon.ac-besancon.fr\/?attachment_id=4222\" rel=\"attachment wp-att-4222\">ETUDE DU CODE SEANCE 2 fiche d&#8217;accompagnement<\/a><\/p>\n<p><a href=\"http:\/\/elem-granvelle-besancon.ac-besancon.fr\/?attachment_id=4223\" rel=\"attachment wp-att-4223\">FICHE SON [f] 2<\/a><\/p>\n<p><span style=\"color: #008000\"><strong>Le\u00e7on pour LUNDI 06 AVRIL<\/strong><\/span><\/p>\n<p><span style=\"color: #ff0000\"><strong>APPRENDRE<\/strong> <\/span><strong><span style=\"color: #000000\">les <\/span><span style=\"color: #ff0000\">doubles<\/span> <span style=\"color: #000000\">jusqu&#8217;\u00e0 <\/span><span style=\"color: #ff0000\">10 + 10<\/span> <span style=\"color: #000000\">le\u00e7on<\/span> <span style=\"color: #0000ff\">M11<\/span><\/strong><\/p>\n<p>&nbsp;<\/p>\n<p>&nbsp;<\/p>\n<p>&nbsp;<\/p>\n","protected":false},"excerpt":{"rendered":"<p>&nbsp; &nbsp; &nbsp; &nbsp; &nbsp; &nbsp; ECRITURE du jour ECRITURE du jour fiche d&#8217;accompagnement FICHE \u00e9criture droitier lettre f FICHE \u00e9criture gaucher lettre f LECTURE du jour LECTURE SEANCE 2 fiche d&#8217;accompagnement LECTURE SEANCE 2 fiche compr\u00e9hension 4 LECTURE SEANCE &hellip; <a href=\"http:\/\/elem-granvelle-besancon.ac-besancon.fr\/?p=4205\">Continuer la lecture <span class=\"meta-nav\">&rarr;<\/span><\/a><\/p>\n","protected":false},"author":16,"featured_media":0,"comment_status":"closed","ping_status":"open","sticky":false,"template":"","format":"standard","meta":{"footnotes":""},"categories":[5],"tags":[],"class_list":["post-4205","post","type-post","status-publish","format-standard","hentry","category-classe-cp"],"_links":{"self":[{"href":"http:\/\/elem-granvelle-besancon.ac-besancon.fr\/index.php?rest_route=\/wp\/v2\/posts\/4205","targetHints":{"allow":["GET"]}}],"collection":[{"href":"http:\/\/elem-granvelle-besancon.ac-besancon.fr\/index.php?rest_route=\/wp\/v2\/posts"}],"about":[{"href":"http:\/\/elem-granvelle-besancon.ac-besancon.fr\/index.php?rest_route=\/wp\/v2\/types\/post"}],"author":[{"embeddable":true,"href":"http:\/\/elem-granvelle-besancon.ac-besancon.fr\/index.php?rest_route=\/wp\/v2\/users\/16"}],"replies":[{"embeddable":true,"href":"http:\/\/elem-granvelle-besancon.ac-besancon.fr\/index.php?rest_route=%2Fwp%2Fv2%2Fcomments&post=4205"}],"version-history":[{"count":5,"href":"http:\/\/elem-granvelle-besancon.ac-besancon.fr\/index.php?rest_route=\/wp\/v2\/posts\/4205\/revisions"}],"predecessor-version":[{"id":4292,"href":"http:\/\/elem-granvelle-besancon.ac-besancon.fr\/index.php?rest_route=\/wp\/v2\/posts\/4205\/revisions\/4292"}],"wp:attachment":[{"href":"http:\/\/elem-granvelle-besancon.ac-besancon.fr\/index.php?rest_route=%2Fwp%2Fv2%2Fmedia&parent=4205"}],"wp:term":[{"taxonomy":"category","embeddable":true,"href":"http:\/\/elem-granvelle-besancon.ac-besancon.fr\/index.php?rest_route=%2Fwp%2Fv2%2Fcategories&post=4205"},{"taxonomy":"post_tag","embeddable":true,"href":"http:\/\/elem-granvelle-besancon.ac-besancon.fr\/index.php?rest_route=%2Fwp%2Fv2%2Ftags&post=4205"}],"curies":[{"name":"wp","href":"https:\/\/api.w.org\/{rel}","templated":true}]}}