{"id":4237,"date":"2020-03-31T06:45:47","date_gmt":"2020-03-31T04:45:47","guid":{"rendered":"http:\/\/elem-granvelle-besancon.ac-besancon.fr\/?p=4237"},"modified":"2020-03-31T17:20:32","modified_gmt":"2020-03-31T15:20:32","slug":"message-du-recteur-aux-eleves-et-parents-deleves","status":"publish","type":"post","link":"http:\/\/elem-granvelle-besancon.ac-besancon.fr\/?p=4237","title":{"rendered":"Message du recteur aux \u00e9l\u00e8ves et parents d\u2019\u00e9l\u00e8ves."},"content":{"rendered":"<h1><strong><span style=\"color: #ff0000\">\u00a0<\/span><\/strong><\/h1>\n<h1><a href=\"http:\/\/www.ac-besancon.fr\/spip.php?article8607\"><strong><span style=\"color: #ff0000\">Message du recteur Jean-Fran\u00e7ois Chanet aux \u00e9l\u00e8ves et aux parents d&#8217;\u00e9l\u00e8ves<\/span><\/strong><\/a><\/h1>\n<p>&nbsp;<\/p>\n","protected":false},"excerpt":{"rendered":"<p>\u00a0 Message du recteur Jean-Fran\u00e7ois Chanet aux \u00e9l\u00e8ves et aux parents d&#8217;\u00e9l\u00e8ves &nbsp;<\/p>\n","protected":false},"author":16,"featured_media":0,"comment_status":"closed","ping_status":"open","sticky":false,"template":"","format":"standard","meta":{"footnotes":""},"categories":[15,2,16,4],"tags":[],"class_list":["post-4237","post","type-post","status-publish","format-standard","hentry","category-apeeg","category-infos-parents","category-representants-des-parents-d-eleves","category-vie-de-l-ecole"],"_links":{"self":[{"href":"http:\/\/elem-granvelle-besancon.ac-besancon.fr\/index.php?rest_route=\/wp\/v2\/posts\/4237","targetHints":{"allow":["GET"]}}],"collection":[{"href":"http:\/\/elem-granvelle-besancon.ac-besancon.fr\/index.php?rest_route=\/wp\/v2\/posts"}],"about":[{"href":"http:\/\/elem-granvelle-besancon.ac-besancon.fr\/index.php?rest_route=\/wp\/v2\/types\/post"}],"author":[{"embeddable":true,"href":"http:\/\/elem-granvelle-besancon.ac-besancon.fr\/index.php?rest_route=\/wp\/v2\/users\/16"}],"replies":[{"embeddable":true,"href":"http:\/\/elem-granvelle-besancon.ac-besancon.fr\/index.php?rest_route=%2Fwp%2Fv2%2Fcomments&post=4237"}],"version-history":[{"count":2,"href":"http:\/\/elem-granvelle-besancon.ac-besancon.fr\/index.php?rest_route=\/wp\/v2\/posts\/4237\/revisions"}],"predecessor-version":[{"id":4239,"href":"http:\/\/elem-granvelle-besancon.ac-besancon.fr\/index.php?rest_route=\/wp\/v2\/posts\/4237\/revisions\/4239"}],"wp:attachment":[{"href":"http:\/\/elem-granvelle-besancon.ac-besancon.fr\/index.php?rest_route=%2Fwp%2Fv2%2Fmedia&parent=4237"}],"wp:term":[{"taxonomy":"category","embeddable":true,"href":"http:\/\/elem-granvelle-besancon.ac-besancon.fr\/index.php?rest_route=%2Fwp%2Fv2%2Fcategories&post=4237"},{"taxonomy":"post_tag","embeddable":true,"href":"http:\/\/elem-granvelle-besancon.ac-besancon.fr\/index.php?rest_route=%2Fwp%2Fv2%2Ftags&post=4237"}],"curies":[{"name":"wp","href":"https:\/\/api.w.org\/{rel}","templated":true}]}}