{"id":5483,"date":"2020-04-13T20:00:23","date_gmt":"2020-04-13T18:00:23","guid":{"rendered":"http:\/\/elem-granvelle-besancon.ac-besancon.fr\/?p=5483"},"modified":"2020-04-13T17:38:30","modified_gmt":"2020-04-13T15:38:30","slug":"mardi-14-avril-activites-ce2-cm1","status":"publish","type":"post","link":"http:\/\/elem-granvelle-besancon.ac-besancon.fr\/?p=5483","title":{"rendered":"MARDI 14 AVRIL ACTIVIT\u00c9S CE2 CM1"},"content":{"rendered":"<div style=\"width: 584px;\" class=\"wp-video\"><video class=\"wp-video-shortcode\" id=\"video-5483-1\" width=\"584\" height=\"329\" preload=\"metadata\" controls=\"controls\"><source type=\"video\/mp4\" src=\"http:\/\/elem-granvelle-besancon.ac-besancon.fr\/wp-content\/uploads\/sites\/15\/2020\/04\/MARDI-14-AVRIL.mp4?_=1\" \/><a href=\"http:\/\/elem-granvelle-besancon.ac-besancon.fr\/wp-content\/uploads\/sites\/15\/2020\/04\/MARDI-14-AVRIL.mp4\">http:\/\/elem-granvelle-besancon.ac-besancon.fr\/wp-content\/uploads\/sites\/15\/2020\/04\/MARDI-14-AVRIL.mp4<\/a><\/video><\/div>\n<p><span style=\"color: #008000\"><b style=\"color: #008000\">Bonjour les enfants! J&#8217;esp\u00e8re que vous avez pass\u00e9 un bon weekend de P\u00e2ques et que vous avez pu manger des <\/b><span style=\"color: #008000\"><b>\u0153ufs<\/b><\/span><b style=\"color: #008000\"> au chocolat! Attention il faut \u00eatre en forme pour la derni\u00e8re semaine avant les vacances qui seront un peu sp\u00e9ciales, mais quand m\u00eame, des vacances&#8230;.<\/b><\/span><\/p>\n<p><span style=\"color: #800080\"><strong>Au menu du jour aujourd&#8217;hui nous avons:<\/strong><\/span><\/p>\n<ul>\n<li><strong>Une citation\u00a0 de Montaigne.<\/strong><\/li>\n<li><strong>Une \u00e9nigme et une charade.<\/strong><\/li>\n<li><strong>Lecture \/ Production \u00e9crite: l&#8217;article de presse.<\/strong><\/li>\n<li><strong>Calcul: La division par 2 avec reste.<\/strong><\/li>\n<li><span style=\"color: #333300\"><strong>La tourn\u00e9e Enfantillages \u00e0 la maison avec notre ami Guillaume Aldebert.<\/strong><\/span><\/li>\n<li><strong>1 jour 1 actu: n\u00b0 267<\/strong><\/li>\n<li><strong>1 jour 1 question: Qui \u00e9tait &#8230;&#8230;&#8230;&#8230;&#8230;&#8230;&#8230;&#8230;&#8230;&#8230;&#8230;&#8230;&#8230;&#8230;&#8230;&#8230;&#8230;..?<\/strong><\/li>\n<\/ul>\n<hr \/>\n<h1><img loading=\"lazy\" decoding=\"async\" class=\"alignleft wp-image-4127\" src=\"http:\/\/elem-granvelle-besancon.ac-besancon.fr\/wp-content\/uploads\/sites\/15\/2020\/03\/ETIQUETTE-CITATION-DU-JOUR.jpg\" alt=\"\" width=\"207\" height=\"74\" \/><\/h1>\n<p>&nbsp;<\/p>\n<p>&nbsp;<\/p>\n<p><em><strong><span style=\"color: #008080\">clique sur l&#8217;image: \u00a0\u00a0<\/span><\/strong><\/em><\/p>\n<p><a href=\"http:\/\/elem-granvelle-besancon.ac-besancon.fr\/wp-content\/uploads\/sites\/15\/2020\/04\/CITATION-13.pdf\"><img loading=\"lazy\" decoding=\"async\" class=\"alignnone wp-image-5542\" src=\"http:\/\/elem-granvelle-besancon.ac-besancon.fr\/wp-content\/uploads\/sites\/15\/2020\/04\/CITATION-13-300x199.jpg\" alt=\"\" width=\"245\" height=\"166\" \/><\/a><\/p>\n<hr \/>\n<p><img loading=\"lazy\" decoding=\"async\" class=\"alignnone wp-image-5387 size-medium\" src=\"http:\/\/elem-granvelle-besancon.ac-besancon.fr\/wp-content\/uploads\/sites\/15\/2020\/04\/ENIGME-ET-CHARADE-300x94.jpg\" alt=\"\" width=\"300\" height=\"94\" srcset=\"http:\/\/elem-granvelle-besancon.ac-besancon.fr\/wp-content\/uploads\/sites\/15\/2020\/04\/ENIGME-ET-CHARADE-300x94.jpg 300w, http:\/\/elem-granvelle-besancon.ac-besancon.fr\/wp-content\/uploads\/sites\/15\/2020\/04\/ENIGME-ET-CHARADE-768x242.jpg 768w, http:\/\/elem-granvelle-besancon.ac-besancon.fr\/wp-content\/uploads\/sites\/15\/2020\/04\/ENIGME-ET-CHARADE-500x157.jpg 500w, http:\/\/elem-granvelle-besancon.ac-besancon.fr\/wp-content\/uploads\/sites\/15\/2020\/04\/ENIGME-ET-CHARADE.jpg 903w\" sizes=\"auto, (max-width: 300px) 100vw, 300px\" \/><\/p>\n<p><em><strong><span style=\"color: #ff6600\">\u00c9nigme:\u00a0 \u00a0<\/span><\/strong><\/em><\/p>\n<p><span style=\"color: #ff6600\"><em>On le demande,<\/em><\/span><br \/>\n<span style=\"color: #ff6600\"><em>On le poursuit,<\/em><\/span><br \/>\n<span style=\"color: #ff6600\"><em>On le perd,<\/em><\/span><br \/>\n<span style=\"color: #ff6600\"><em>On le passe.<\/em><\/span><\/p>\n<p><span style=\"color: #3366ff\"><em><strong>Charade:\u00a0<\/strong> <\/em>\u00a0 \u00a0 Mon premier est un f\u00e9culent,<br \/>\nOn s\u2019assoit sur mon second dans la rue,<br \/>\nMon troisi\u00e8me est le contraire de \u00ab laide \u00bb,<br \/>\nMon tout est une longue s\u00e9rie.<\/span><\/p>\n<hr \/>\n<h1><img loading=\"lazy\" decoding=\"async\" class=\"alignnone wp-image-5011 size-medium\" style=\"color: #333333;font-style: normal;font-weight: 300\" src=\"http:\/\/elem-granvelle-besancon.ac-besancon.fr\/wp-content\/uploads\/sites\/15\/2020\/04\/LECTURE-PRODUCTION-ECRITE-300x56.jpg\" alt=\"\" width=\"300\" height=\"56\" srcset=\"http:\/\/elem-granvelle-besancon.ac-besancon.fr\/wp-content\/uploads\/sites\/15\/2020\/04\/LECTURE-PRODUCTION-ECRITE-300x56.jpg 300w, http:\/\/elem-granvelle-besancon.ac-besancon.fr\/wp-content\/uploads\/sites\/15\/2020\/04\/LECTURE-PRODUCTION-ECRITE-1024x190.jpg 1024w, http:\/\/elem-granvelle-besancon.ac-besancon.fr\/wp-content\/uploads\/sites\/15\/2020\/04\/LECTURE-PRODUCTION-ECRITE-768x143.jpg 768w, http:\/\/elem-granvelle-besancon.ac-besancon.fr\/wp-content\/uploads\/sites\/15\/2020\/04\/LECTURE-PRODUCTION-ECRITE-500x93.jpg 500w, http:\/\/elem-granvelle-besancon.ac-besancon.fr\/wp-content\/uploads\/sites\/15\/2020\/04\/LECTURE-PRODUCTION-ECRITE.jpg 1191w\" sizes=\"auto, (max-width: 300px) 100vw, 300px\" \/><\/h1>\n<p><em><strong>L&#8217;article de presse. Je te propose une activit\u00e9 sur plusieurs jours: <\/strong><\/em><\/p>\n<p><span style=\"color: #ff0000\"><em><strong>D\u00e9couvrir l&#8217;article de presse, le titre, le chapeau, le lettrine et la disposition en colonne&#8230; <\/strong><\/em><\/span><\/p>\n<p><em><strong>Les fichiers sont en PDF et surtout en diaporama modifiables PowerPoint.<\/strong><\/em><\/p>\n<p><span style=\"color: #008000\"><strong>En PDF<\/strong><\/span><\/p>\n<p><span style=\"color: #ff0000\"><strong>Mardi<\/strong>:<\/span><\/p>\n<p><a href=\"http:\/\/elem-granvelle-besancon.ac-besancon.fr\/wp-content\/uploads\/sites\/15\/2020\/04\/FICHE-1PRESSE-TRI-DE-TEXTES-CE2-CM1.pdf\">FICHE 1PRESSE TRI DE TEXTES CE2 CM1<\/a><\/p>\n<p><a href=\"http:\/\/elem-granvelle-besancon.ac-besancon.fr\/wp-content\/uploads\/sites\/15\/2020\/04\/FICHE-2-ARTICLES-DE-PRESSE-QUESTIONNAIRE-CE2-CM1.pdf\">FICHE 2 ARTICLES DE PRESSE QUESTIONNAIRE CE2 CM1<\/a><\/p>\n<p><a href=\"http:\/\/elem-granvelle-besancon.ac-besancon.fr\/wp-content\/uploads\/sites\/15\/2020\/04\/Le\u00e7on-ECRIRE-ARTICLE-DE-PRSSE-CE2-CM1.pdf\">Le\u00e7on ECRIRE ARTICLE DE PRSSE CE2 CM1<\/a><\/p>\n<p><strong><span style=\"color: #ff0000\">Jeudi:<\/span><\/strong><\/p>\n<p><a href=\"http:\/\/elem-granvelle-besancon.ac-besancon.fr\/wp-content\/uploads\/sites\/15\/2020\/04\/FICHE-3-L-ARTICLE-DE-PRESSE-CE2-CM.pdf\">FICHE 3 L ARTICLE DE PRESSE CE2 CM<\/a><\/p>\n<p><a href=\"http:\/\/elem-granvelle-besancon.ac-besancon.fr\/wp-content\/uploads\/sites\/15\/2020\/04\/FICHE-4-TITRES-ET-CHAPEAU-CE2-CM1.pdf\">FICHE 4 TITRES ET CHAPEAU CE2 CM1<\/a><\/p>\n<p><a href=\"http:\/\/elem-granvelle-besancon.ac-besancon.fr\/wp-content\/uploads\/sites\/15\/2020\/04\/FICHE-4-BISSUPER-ECOLE-LECTURE-ARTICLE-PRESSE-CE2-CM1.pdf\">FICHE 4 BISSUPER ECOLE LECTURE ARTICLE PRESSE CE2 CM1<\/a><\/p>\n<p><strong><span style=\"color: #ff0000\">Vendredi et quand tu pourras pendant les vacances de Printemps (du 17 avril au 4 mai):<\/span><\/strong><\/p>\n<p><a href=\"http:\/\/elem-granvelle-besancon.ac-besancon.fr\/wp-content\/uploads\/sites\/15\/2020\/04\/Fiche-5-ECRIE-UN-ARTICLE-DE-JOURNAL-FAIT-DIVERS-CE2-CM1.pdf\">Fiche 5 ECRIE UN ARTICLE DE JOURNAL FAIT DIVERS CE2 CM1<\/a><\/p>\n<p><a href=\"http:\/\/elem-granvelle-besancon.ac-besancon.fr\/wp-content\/uploads\/sites\/15\/2020\/04\/FICHE-6-ARTICLE-DE-PRESSE-GRILLE-DE-REECRITURE-CE2-CM1.pdf\">FICHE 6 ARTICLE DE PRESSE GRILLE DE REECRITURE CE2 CM1<\/a><\/p>\n<p><span style=\"color: #003366\"><strong>En PowerPoint<\/strong><\/span><\/p>\n<p><strong><span style=\"color: #ff0000\">Mardi:<\/span><\/strong><\/p>\n<p><a href=\"http:\/\/elem-granvelle-besancon.ac-besancon.fr\/wp-content\/uploads\/sites\/15\/2020\/04\/FICHE-1PRESSE-TRI-DE-TEXTES-CE2-CM1.pptx\">FICHE 1PRESSE TRI DE TEXTES CE2 CM1<\/a><\/p>\n<p><a href=\"http:\/\/elem-granvelle-besancon.ac-besancon.fr\/wp-content\/uploads\/sites\/15\/2020\/04\/FICHE-2-ARTICLES-DE-PRESSE-QUESTIONNAIRE-CE2-CM1.pptx\">FICHE 2 ARTICLES DE PRESSE QUESTIONNAIRE CE2 CM1<\/a><\/p>\n<p><a href=\"http:\/\/elem-granvelle-besancon.ac-besancon.fr\/wp-content\/uploads\/sites\/15\/2020\/04\/Le\u00e7on-ECRIRE-ARTICLE-DE-PRSSE-CE2-CM1.pptx\">Le\u00e7on ECRIRE ARTICLE DE PRSSE CE2 CM1<\/a><\/p>\n<p><strong><span style=\"color: #ff0000\">Jeudi:<\/span><\/strong><\/p>\n<p><a href=\"http:\/\/elem-granvelle-besancon.ac-besancon.fr\/wp-content\/uploads\/sites\/15\/2020\/04\/FICHE-3-L-ARTICLE-DE-PRESSE-CE2-CM.pptx\">FICHE 3 L ARTICLE DE PRESSE CE2 CM<\/a><\/p>\n<p><a href=\"http:\/\/elem-granvelle-besancon.ac-besancon.fr\/wp-content\/uploads\/sites\/15\/2020\/04\/FICHE-4-TITRES-ET-CHAPEAU-CE2-CM1.pptx\">FICHE 4 TITRES ET CHAPEAU CE2 CM1<\/a><\/p>\n<p><a href=\"http:\/\/elem-granvelle-besancon.ac-besancon.fr\/wp-content\/uploads\/sites\/15\/2020\/04\/FICHE-4-BISSUPER-ECOLE-LECTURE-ARTICLE-PRESSE-CE2-CM1.pptx\">FICHE 4 BISSUPER ECOLE LECTURE ARTICLE PRESSE CE2 CM1<\/a><\/p>\n<p><strong><span style=\"color: #ff0000\">Vendredi et quand tu pourras pendant les vacances de Printemps (du 17 avril au 4 mai):<\/span><\/strong><\/p>\n<p><a href=\"http:\/\/elem-granvelle-besancon.ac-besancon.fr\/wp-content\/uploads\/sites\/15\/2020\/04\/Fiche-5-ECRIE-UN-ARTICLE-DE-JOURNAL-FAIT-DIVERS-CE2-CM1.pptx\">Fiche 5 ECRIE UN ARTICLE DE JOURNAL FAIT DIVERS CE2 CM1<\/a><\/p>\n<p><a href=\"http:\/\/elem-granvelle-besancon.ac-besancon.fr\/wp-content\/uploads\/sites\/15\/2020\/04\/FICHE-6-ARTICLE-DE-PRESSE-GRILLE-DE-REECRITURE-CE2-CM1.pptx\">FICHE 6 ARTICLE DE PRESSE GRILLE DE REECRITURE CE2 CM1<\/a><\/p>\n<hr \/>\n<p><img loading=\"lazy\" decoding=\"async\" class=\"alignnone wp-image-3920 \" src=\"http:\/\/elem-granvelle-besancon.ac-besancon.fr\/wp-content\/uploads\/sites\/15\/2020\/03\/CALCUL-TITRE-300x159.jpg\" alt=\"\" width=\"141\" height=\"78\" \/><\/p>\n<p><span style=\"color: #800000\"><strong>Tu as en PDF et en PowerPoint (modifiable) la le\u00e7on et des exercices. N&#8217;oublie pas d&#8217;utiliser le tableau multiplicatif qui est sur la feuille d&#8217;exercices. J&#8217;ai surlign\u00e9 les r\u00e9sultats \u00e0 utiliser.<\/strong><\/span><\/p>\n<p><strong><span style=\"color: #ff0000\">En PDF:<\/span><\/strong><\/p>\n<p><a href=\"http:\/\/elem-granvelle-besancon.ac-besancon.fr\/wp-content\/uploads\/sites\/15\/2020\/04\/LA-DIVISION-PAR-2-AVEC-RESTE.pdf\">LA DIVISION PAR 2 -AVEC RESTE<\/a><\/p>\n<p><a href=\"http:\/\/elem-granvelle-besancon.ac-besancon.fr\/wp-content\/uploads\/sites\/15\/2020\/04\/DIVISION-PAR-2-AVEC-RESTE-EXERCICES-CE2-CM1.pdf\">DIVISION PAR 2 AVEC RESTE EXERCICES CE2 CM1<\/a><\/p>\n<p><strong><span style=\"color: #ff0000\">En PowerPoint:<\/span><\/strong><\/p>\n<p><a href=\"http:\/\/elem-granvelle-besancon.ac-besancon.fr\/wp-content\/uploads\/sites\/15\/2020\/04\/LA-DIVISION-PAR-2-AVEC-RESTE.pptx\">LA DIVISION PAR 2 -AVEC RESTE<\/a><\/p>\n<p><a href=\"http:\/\/elem-granvelle-besancon.ac-besancon.fr\/wp-content\/uploads\/sites\/15\/2020\/04\/DIVISION-PAR-2-AVEC-RESTE-EXERCICES-CE2-CM1.pptx\">DIVISION PAR 2 AVEC RESTE EXERCICES CE2 CM1<\/a><\/p>\n<hr \/>\n<p><a href=\"https:\/\/drive.google.com\/file\/d\/1jbSdeQiFkCTq8bRZG9N9m0CM0UWGx3CO\/view?usp=sharing\"><img loading=\"lazy\" decoding=\"async\" class=\"alignnone size-full wp-image-5916\" src=\"http:\/\/elem-granvelle-besancon.ac-besancon.fr\/wp-content\/uploads\/sites\/15\/2020\/04\/LE-TOUR-DE-LA-MAISON.jpg\" alt=\"\" width=\"183\" height=\"275\" \/><\/a> <span style=\"color: #993300\"><strong>Le tour de la maison \u00e9pisode 1 avec Guillaume Aldebert. Clique sur l&#8217;image.<\/strong><\/span><\/p>\n<hr \/>\n<p><img loading=\"lazy\" decoding=\"async\" class=\"alignnone wp-image-5084 \" src=\"http:\/\/elem-granvelle-besancon.ac-besancon.fr\/wp-content\/uploads\/sites\/15\/2020\/04\/1-jour-1-actu-300x137.jpg\" alt=\"\" width=\"178\" height=\"85\" \/><\/p>\n<p><span style=\"color: #800080\"><strong>1 jour 1 actu N\u00b0 267: clique sur l&#8217;image:<\/strong><\/span><\/p>\n<p><a href=\"http:\/\/elem-granvelle-besancon.ac-besancon.fr\/wp-content\/uploads\/sites\/15\/2020\/04\/PDF_COMPLET_267.pdf\"><img loading=\"lazy\" decoding=\"async\" class=\"alignnone wp-image-5959 \" src=\"http:\/\/elem-granvelle-besancon.ac-besancon.fr\/wp-content\/uploads\/sites\/15\/2020\/04\/une_1j1a_2671-970x647-1-300x200.jpg\" alt=\"\" width=\"163\" height=\"111\" \/><\/a><\/p>\n<hr \/>\n<p><img loading=\"lazy\" decoding=\"async\" class=\"wp-image-3978 alignnone\" src=\"http:\/\/elem-granvelle-besancon.ac-besancon.fr\/wp-content\/uploads\/sites\/15\/2020\/03\/ETIQUETTE-1-JOUR-1-QUESTIONE-300x96.jpg\" alt=\"\" width=\"254\" height=\"88\" \/><\/p>\n<div style=\"width: 584px;\" class=\"wp-video\"><video class=\"wp-video-shortcode\" id=\"video-5483-2\" width=\"584\" height=\"328\" preload=\"metadata\" controls=\"controls\"><source type=\"video\/mp4\" src=\"http:\/\/elem-granvelle-besancon.ac-besancon.fr\/wp-content\/uploads\/sites\/15\/2020\/04\/Qui-etait-le-premier-homme-sur-Terre-1-jour-1-question.mp4?_=2\" \/><a href=\"http:\/\/elem-granvelle-besancon.ac-besancon.fr\/wp-content\/uploads\/sites\/15\/2020\/04\/Qui-etait-le-premier-homme-sur-Terre-1-jour-1-question.mp4\">http:\/\/elem-granvelle-besancon.ac-besancon.fr\/wp-content\/uploads\/sites\/15\/2020\/04\/Qui-etait-le-premier-homme-sur-Terre-1-jour-1-question.mp4<\/a><\/video><\/div>\n<p>&nbsp;<\/p>\n<hr \/>\n<p><a href=\"http:\/\/elem-granvelle-besancon.ac-besancon.fr\/wp-content\/uploads\/sites\/15\/2020\/03\/unnamed-1.jpg\" data-src=\"http:\/\/elem-granvelle-besancon.ac-besancon.fr\/wp-content\/uploads\/sites\/15\/2020\/03\/unnamed-1.jpg\" data-thumb=\"http:\/\/elem-granvelle-besancon.ac-besancon.fr\/wp-content\/uploads\/sites\/15\/2020\/03\/unnamed-1.jpg\" class=\"ml-lightbox-enabled\"><img loading=\"lazy\" decoding=\"async\" class=\"aligncenter size-full wp-image-3586\" src=\"http:\/\/elem-granvelle-besancon.ac-besancon.fr\/wp-content\/uploads\/sites\/15\/2020\/03\/unnamed-1.jpg\" alt=\"\" width=\"960\" height=\"150\" srcset=\"http:\/\/elem-granvelle-besancon.ac-besancon.fr\/wp-content\/uploads\/sites\/15\/2020\/03\/unnamed-1.jpg 960w, http:\/\/elem-granvelle-besancon.ac-besancon.fr\/wp-content\/uploads\/sites\/15\/2020\/03\/unnamed-1-300x47.jpg 300w, http:\/\/elem-granvelle-besancon.ac-besancon.fr\/wp-content\/uploads\/sites\/15\/2020\/03\/unnamed-1-768x120.jpg 768w, http:\/\/elem-granvelle-besancon.ac-besancon.fr\/wp-content\/uploads\/sites\/15\/2020\/03\/unnamed-1-500x78.jpg 500w\" sizes=\"auto, (max-width: 960px) 100vw, 960px\" \/><\/a><\/p>\n","protected":false},"excerpt":{"rendered":"<p>Bonjour les enfants! J&#8217;esp\u00e8re que vous avez pass\u00e9 un bon weekend de P\u00e2ques et que vous avez pu manger des \u0153ufs au chocolat! Attention il faut \u00eatre en forme pour la derni\u00e8re semaine avant les vacances qui seront un peu &hellip; <a href=\"http:\/\/elem-granvelle-besancon.ac-besancon.fr\/?p=5483\">Continuer la lecture <span class=\"meta-nav\">&rarr;<\/span><\/a><\/p>\n","protected":false},"author":16,"featured_media":0,"comment_status":"closed","ping_status":"open","sticky":false,"template":"","format":"standard","meta":{"footnotes":""},"categories":[7],"tags":[],"class_list":["post-5483","post","type-post","status-publish","format-standard","hentry","category-classe-cm1"],"_links":{"self":[{"href":"http:\/\/elem-granvelle-besancon.ac-besancon.fr\/index.php?rest_route=\/wp\/v2\/posts\/5483","targetHints":{"allow":["GET"]}}],"collection":[{"href":"http:\/\/elem-granvelle-besancon.ac-besancon.fr\/index.php?rest_route=\/wp\/v2\/posts"}],"about":[{"href":"http:\/\/elem-granvelle-besancon.ac-besancon.fr\/index.php?rest_route=\/wp\/v2\/types\/post"}],"author":[{"embeddable":true,"href":"http:\/\/elem-granvelle-besancon.ac-besancon.fr\/index.php?rest_route=\/wp\/v2\/users\/16"}],"replies":[{"embeddable":true,"href":"http:\/\/elem-granvelle-besancon.ac-besancon.fr\/index.php?rest_route=%2Fwp%2Fv2%2Fcomments&post=5483"}],"version-history":[{"count":21,"href":"http:\/\/elem-granvelle-besancon.ac-besancon.fr\/index.php?rest_route=\/wp\/v2\/posts\/5483\/revisions"}],"predecessor-version":[{"id":5967,"href":"http:\/\/elem-granvelle-besancon.ac-besancon.fr\/index.php?rest_route=\/wp\/v2\/posts\/5483\/revisions\/5967"}],"wp:attachment":[{"href":"http:\/\/elem-granvelle-besancon.ac-besancon.fr\/index.php?rest_route=%2Fwp%2Fv2%2Fmedia&parent=5483"}],"wp:term":[{"taxonomy":"category","embeddable":true,"href":"http:\/\/elem-granvelle-besancon.ac-besancon.fr\/index.php?rest_route=%2Fwp%2Fv2%2Fcategories&post=5483"},{"taxonomy":"post_tag","embeddable":true,"href":"http:\/\/elem-granvelle-besancon.ac-besancon.fr\/index.php?rest_route=%2Fwp%2Fv2%2Ftags&post=5483"}],"curies":[{"name":"wp","href":"https:\/\/api.w.org\/{rel}","templated":true}]}}