{"id":5534,"date":"2020-04-14T20:00:19","date_gmt":"2020-04-14T18:00:19","guid":{"rendered":"http:\/\/elem-granvelle-besancon.ac-besancon.fr\/?p=5534"},"modified":"2020-04-14T11:04:18","modified_gmt":"2020-04-14T09:04:18","slug":"mercredi-15-avril-activites-recreatives-ce2-cm1","status":"publish","type":"post","link":"http:\/\/elem-granvelle-besancon.ac-besancon.fr\/?p=5534","title":{"rendered":"MERCREDI 15 AVRIL Activit\u00e9s r\u00e9cr\u00e9atives CE2 CM1"},"content":{"rendered":"<div style=\"width: 584px;\" class=\"wp-video\"><video class=\"wp-video-shortcode\" id=\"video-5534-1\" width=\"584\" height=\"329\" preload=\"metadata\" controls=\"controls\"><source type=\"video\/mp4\" src=\"http:\/\/elem-granvelle-besancon.ac-besancon.fr\/wp-content\/uploads\/sites\/15\/2020\/04\/MERCREDI-15-AVRIL.mp4?_=1\" \/><a href=\"http:\/\/elem-granvelle-besancon.ac-besancon.fr\/wp-content\/uploads\/sites\/15\/2020\/04\/MERCREDI-15-AVRIL.mp4\">http:\/\/elem-granvelle-besancon.ac-besancon.fr\/wp-content\/uploads\/sites\/15\/2020\/04\/MERCREDI-15-AVRIL.mp4<\/a><\/video><\/div>\n<p><span style=\"color: #000080\"><em><strong>BONJOUR LES ENFANTS!<\/strong><\/em><\/span><\/p>\n<p><span style=\"color: #ff6600\"><em><strong>J&#8217;esp\u00e8re que vous allez tous tr\u00e8s bien.<\/strong><\/em><\/span><\/p>\n<hr \/>\n<p><span style=\"color: #000080\"><em><strong>Pour commencer, une \u00e9nigme et une charade:<\/strong><\/em><\/span><\/p>\n<p><img loading=\"lazy\" decoding=\"async\" class=\"alignnone wp-image-5387\" src=\"http:\/\/elem-granvelle-besancon.ac-besancon.fr\/wp-content\/uploads\/sites\/15\/2020\/04\/ENIGME-ET-CHARADE.jpg\" alt=\"\" width=\"295\" height=\"97\" \/><\/p>\n<p><strong><span style=\"color: #ff0000\">\u00c9nigme<\/span><\/strong><\/p>\n<p><span style=\"color: #003300\"><strong>A la mairie pour les mari\u00e9s,<\/strong><\/span><br \/>\n<span style=\"color: #003300\"><strong>A la barre pour la v\u00e9rit\u00e9,<\/strong><\/span><br \/>\n<span style=\"color: #003300\"><strong>Sur la piste pour le passer.<\/strong><\/span><\/p>\n<p><strong>R\u00e9ponse:<\/strong> \u00a0<a href=\"mailto:ecolegranvelle@gmail.com\">ecolegranvelle@gmail.com<\/a><\/p>\n<p><span style=\"color: #993300\"><strong>Charade:<\/strong><\/span><\/p>\n<p><span style=\"color: #008000\"><strong>On utilise mon premier pour jouer au Bowling,<\/strong><\/span><br \/>\n<span style=\"color: #008000\"><strong>Mon second est une croyance qui se trouve en<\/strong><\/span><br \/>\n<span style=\"color: #008000\"><strong>g\u00e9n\u00e9ral dans le ciel,<\/strong><\/span><br \/>\n<span style=\"color: #008000\"><strong>Mon troisi\u00e8me est un f\u00e9culent,<\/strong><\/span><br \/>\n<span style=\"color: #008000\"><strong>Mon tout est une boutique ou tu vas<\/strong><\/span><br \/>\n<span style=\"color: #008000\"><strong>certainement tr\u00e8s souvent !<\/strong><\/span><\/p>\n<p><strong>R\u00e9ponse:<\/strong> \u00a0<a href=\"mailto:ecolegranvelle@gmail.com\">ecolegranvelle@gmail.com<\/a><\/p>\n<hr \/>\n<p><img loading=\"lazy\" decoding=\"async\" class=\"alignnone size-medium wp-image-5974\" src=\"http:\/\/elem-granvelle-besancon.ac-besancon.fr\/wp-content\/uploads\/sites\/15\/2020\/04\/LE-COIN-DU-DESSIN-ANIME-300x169.jpg\" alt=\"\" width=\"300\" height=\"169\" srcset=\"http:\/\/elem-granvelle-besancon.ac-besancon.fr\/wp-content\/uploads\/sites\/15\/2020\/04\/LE-COIN-DU-DESSIN-ANIME-300x169.jpg 300w, http:\/\/elem-granvelle-besancon.ac-besancon.fr\/wp-content\/uploads\/sites\/15\/2020\/04\/LE-COIN-DU-DESSIN-ANIME-1024x576.jpg 1024w, http:\/\/elem-granvelle-besancon.ac-besancon.fr\/wp-content\/uploads\/sites\/15\/2020\/04\/LE-COIN-DU-DESSIN-ANIME-768x432.jpg 768w, http:\/\/elem-granvelle-besancon.ac-besancon.fr\/wp-content\/uploads\/sites\/15\/2020\/04\/LE-COIN-DU-DESSIN-ANIME-500x281.jpg 500w, http:\/\/elem-granvelle-besancon.ac-besancon.fr\/wp-content\/uploads\/sites\/15\/2020\/04\/LE-COIN-DU-DESSIN-ANIME.jpg 1280w\" sizes=\"auto, (max-width: 300px) 100vw, 300px\" \/><\/p>\n<p><span style=\"color: #ff6600\"><strong>Clique sur l&#8217;image:<\/strong><\/span><\/p>\n<p><a href=\"https:\/\/drive.google.com\/file\/d\/19llGo7x_nJJ_8LLecBGO-AB4ibOgu3Xd\/view?usp=sharing\"><img loading=\"lazy\" decoding=\"async\" class=\"alignnone size-medium wp-image-5975\" src=\"http:\/\/elem-granvelle-besancon.ac-besancon.fr\/wp-content\/uploads\/sites\/15\/2020\/04\/asterix_et_cleopatre_5_b-300x219.jpg\" alt=\"\" width=\"300\" height=\"219\" srcset=\"http:\/\/elem-granvelle-besancon.ac-besancon.fr\/wp-content\/uploads\/sites\/15\/2020\/04\/asterix_et_cleopatre_5_b-300x219.jpg 300w, http:\/\/elem-granvelle-besancon.ac-besancon.fr\/wp-content\/uploads\/sites\/15\/2020\/04\/asterix_et_cleopatre_5_b-1024x748.jpg 1024w, http:\/\/elem-granvelle-besancon.ac-besancon.fr\/wp-content\/uploads\/sites\/15\/2020\/04\/asterix_et_cleopatre_5_b-768x561.jpg 768w, http:\/\/elem-granvelle-besancon.ac-besancon.fr\/wp-content\/uploads\/sites\/15\/2020\/04\/asterix_et_cleopatre_5_b-411x300.jpg 411w, http:\/\/elem-granvelle-besancon.ac-besancon.fr\/wp-content\/uploads\/sites\/15\/2020\/04\/asterix_et_cleopatre_5_b.jpg 1200w\" sizes=\"auto, (max-width: 300px) 100vw, 300px\" \/><\/a><\/p>\n<hr \/>\n<p><img loading=\"lazy\" decoding=\"async\" class=\"alignnone wp-image-5987 \" src=\"http:\/\/elem-granvelle-besancon.ac-besancon.fr\/wp-content\/uploads\/sites\/15\/2020\/04\/LE-COIN-POESIE-300x217.jpg\" alt=\"\" width=\"222\" height=\"163\" \/><\/p>\n<p><span style=\"color: #993300\"><strong>Voici un livre cr\u00e9\u00e9 par des camarades de CE2 dans une \u00e9cole en France. Clique sur le lien pour ouvrir le livre (il est en Didapages et se lit avec flash player). Quand tu passeras la souris sur l&#8217;oreille, le texte sera lu).<\/strong><\/span><\/p>\n<p><span style=\"color: #993300\"><strong> Bonne d\u00e9couverte!\u00a0 \u00a0 \u00a0 \u00a0 \u00a0 \u00a0 \u00a0 \u00a0 \u00a0 \u00a0 \u00a0 \u00a0 \u00a0 \u00a0 \u00a0 \u00a0 \u00a0 \u00a0 \u00a0Clique sur l&#8217;image.<\/strong><\/span><\/p>\n<p><a href=\"http:\/\/www.ac-grenoble.fr\/ecole\/74\/boege\/file\/livresnumeriques\/poesie\/index.html\"><img loading=\"lazy\" decoding=\"async\" class=\"alignnone size-medium wp-image-5988\" src=\"http:\/\/elem-granvelle-besancon.ac-besancon.fr\/wp-content\/uploads\/sites\/15\/2020\/04\/IMAGE-POESIE-300x217.jpg\" alt=\"\" width=\"300\" height=\"217\" srcset=\"http:\/\/elem-granvelle-besancon.ac-besancon.fr\/wp-content\/uploads\/sites\/15\/2020\/04\/IMAGE-POESIE-300x217.jpg 300w, http:\/\/elem-granvelle-besancon.ac-besancon.fr\/wp-content\/uploads\/sites\/15\/2020\/04\/IMAGE-POESIE-416x300.jpg 416w, http:\/\/elem-granvelle-besancon.ac-besancon.fr\/wp-content\/uploads\/sites\/15\/2020\/04\/IMAGE-POESIE.jpg 687w\" sizes=\"auto, (max-width: 300px) 100vw, 300px\" \/>\u00a0\u00a0\u00a0<\/a><\/p>\n<hr \/>\n<p><img loading=\"lazy\" decoding=\"async\" class=\"alignnone wp-image-5998\" src=\"http:\/\/elem-granvelle-besancon.ac-besancon.fr\/wp-content\/uploads\/sites\/15\/2020\/04\/Le-coin-pour-dessiner-300x169.jpg\" alt=\"\" width=\"255\" height=\"148\" \/><\/p>\n<p><span style=\"color: #333300\"><strong>Comment dessiner un joli papillon! Suis les indications de la\u00a0 \u00a0 \u00a0 <a href=\"https:\/\/drive.google.com\/file\/d\/1Gi7rGYAe-T1L4XkFbl7Fj4tR9WaHytCw\/view?usp=sharing\">\u00a0VIDEO<\/a><\/strong><\/span><\/p>\n<hr \/>\n<p><span style=\"color: #ff6600\"><em><strong>Je te souhaite un bon mercredi. A jeudi!<\/strong><\/em><\/span><\/p>\n<p><span style=\"color: #ff6600\"><em><strong>le ma\u00eetre.<\/strong><\/em><\/span><\/p>\n<hr \/>\n<p><img loading=\"lazy\" decoding=\"async\" class=\"aligncenter wp-image-3586 size-full\" src=\"http:\/\/elem-granvelle-besancon.ac-besancon.fr\/wp-content\/uploads\/sites\/15\/2020\/03\/unnamed-1.jpg\" alt=\"\" width=\"960\" height=\"150\" srcset=\"http:\/\/elem-granvelle-besancon.ac-besancon.fr\/wp-content\/uploads\/sites\/15\/2020\/03\/unnamed-1.jpg 960w, http:\/\/elem-granvelle-besancon.ac-besancon.fr\/wp-content\/uploads\/sites\/15\/2020\/03\/unnamed-1-300x47.jpg 300w, http:\/\/elem-granvelle-besancon.ac-besancon.fr\/wp-content\/uploads\/sites\/15\/2020\/03\/unnamed-1-768x120.jpg 768w, http:\/\/elem-granvelle-besancon.ac-besancon.fr\/wp-content\/uploads\/sites\/15\/2020\/03\/unnamed-1-500x78.jpg 500w\" sizes=\"auto, (max-width: 960px) 100vw, 960px\" \/><\/p>\n<p>&nbsp;<\/p>\n","protected":false},"excerpt":{"rendered":"<p>BONJOUR LES ENFANTS! J&#8217;esp\u00e8re que vous allez tous tr\u00e8s bien. Pour commencer, une \u00e9nigme et une charade: \u00c9nigme A la mairie pour les mari\u00e9s, A la barre pour la v\u00e9rit\u00e9, Sur la piste pour le passer. R\u00e9ponse: \u00a0ecolegranvelle@gmail.com Charade: On &hellip; <a href=\"http:\/\/elem-granvelle-besancon.ac-besancon.fr\/?p=5534\">Continuer la lecture <span class=\"meta-nav\">&rarr;<\/span><\/a><\/p>\n","protected":false},"author":16,"featured_media":0,"comment_status":"closed","ping_status":"open","sticky":false,"template":"","format":"standard","meta":{"footnotes":""},"categories":[7],"tags":[],"class_list":["post-5534","post","type-post","status-publish","format-standard","hentry","category-classe-cm1"],"_links":{"self":[{"href":"http:\/\/elem-granvelle-besancon.ac-besancon.fr\/index.php?rest_route=\/wp\/v2\/posts\/5534","targetHints":{"allow":["GET"]}}],"collection":[{"href":"http:\/\/elem-granvelle-besancon.ac-besancon.fr\/index.php?rest_route=\/wp\/v2\/posts"}],"about":[{"href":"http:\/\/elem-granvelle-besancon.ac-besancon.fr\/index.php?rest_route=\/wp\/v2\/types\/post"}],"author":[{"embeddable":true,"href":"http:\/\/elem-granvelle-besancon.ac-besancon.fr\/index.php?rest_route=\/wp\/v2\/users\/16"}],"replies":[{"embeddable":true,"href":"http:\/\/elem-granvelle-besancon.ac-besancon.fr\/index.php?rest_route=%2Fwp%2Fv2%2Fcomments&post=5534"}],"version-history":[{"count":15,"href":"http:\/\/elem-granvelle-besancon.ac-besancon.fr\/index.php?rest_route=\/wp\/v2\/posts\/5534\/revisions"}],"predecessor-version":[{"id":6007,"href":"http:\/\/elem-granvelle-besancon.ac-besancon.fr\/index.php?rest_route=\/wp\/v2\/posts\/5534\/revisions\/6007"}],"wp:attachment":[{"href":"http:\/\/elem-granvelle-besancon.ac-besancon.fr\/index.php?rest_route=%2Fwp%2Fv2%2Fmedia&parent=5534"}],"wp:term":[{"taxonomy":"category","embeddable":true,"href":"http:\/\/elem-granvelle-besancon.ac-besancon.fr\/index.php?rest_route=%2Fwp%2Fv2%2Fcategories&post=5534"},{"taxonomy":"post_tag","embeddable":true,"href":"http:\/\/elem-granvelle-besancon.ac-besancon.fr\/index.php?rest_route=%2Fwp%2Fv2%2Ftags&post=5534"}],"curies":[{"name":"wp","href":"https:\/\/api.w.org\/{rel}","templated":true}]}}