{"id":5679,"date":"2020-04-13T20:00:17","date_gmt":"2020-04-13T18:00:17","guid":{"rendered":"http:\/\/elem-granvelle-besancon.ac-besancon.fr\/?p=5679"},"modified":"2020-04-14T11:35:25","modified_gmt":"2020-04-14T09:35:25","slug":"mardi-14-avril-activites-cp","status":"publish","type":"post","link":"http:\/\/elem-granvelle-besancon.ac-besancon.fr\/?p=5679","title":{"rendered":"MARDI 14 AVRIL activit\u00e9s CP"},"content":{"rendered":"<p><a href=\"http:\/\/elem-granvelle-besancon.ac-besancon.fr\/wp-content\/uploads\/sites\/15\/2020\/04\/pensee-positive-4-1.jpg\" data-src=\"http:\/\/elem-granvelle-besancon.ac-besancon.fr\/wp-content\/uploads\/sites\/15\/2020\/04\/pensee-positive-4-1.jpg\" data-thumb=\"http:\/\/elem-granvelle-besancon.ac-besancon.fr\/wp-content\/uploads\/sites\/15\/2020\/04\/pensee-positive-4-1-1024x354.jpg\" class=\"ml-lightbox-enabled\"><img loading=\"lazy\" decoding=\"async\" class=\"alignnone size-large wp-image-5698\" src=\"http:\/\/elem-granvelle-besancon.ac-besancon.fr\/wp-content\/uploads\/sites\/15\/2020\/04\/pensee-positive-4-1-1024x354.jpg\" alt=\"\" width=\"584\" height=\"202\" srcset=\"http:\/\/elem-granvelle-besancon.ac-besancon.fr\/wp-content\/uploads\/sites\/15\/2020\/04\/pensee-positive-4-1-1024x354.jpg 1024w, http:\/\/elem-granvelle-besancon.ac-besancon.fr\/wp-content\/uploads\/sites\/15\/2020\/04\/pensee-positive-4-1-300x104.jpg 300w, http:\/\/elem-granvelle-besancon.ac-besancon.fr\/wp-content\/uploads\/sites\/15\/2020\/04\/pensee-positive-4-1-768x265.jpg 768w, http:\/\/elem-granvelle-besancon.ac-besancon.fr\/wp-content\/uploads\/sites\/15\/2020\/04\/pensee-positive-4-1-500x173.jpg 500w, http:\/\/elem-granvelle-besancon.ac-besancon.fr\/wp-content\/uploads\/sites\/15\/2020\/04\/pensee-positive-4-1.jpg 1028w\" sizes=\"auto, (max-width: 584px) 100vw, 584px\" \/><\/a><\/p>\n<p><strong><span style=\"color: #000000\">DICTEE du jour<\/span><\/strong><\/p>\n<p><a href=\"http:\/\/elem-granvelle-besancon.ac-besancon.fr\/wp-content\/uploads\/sites\/15\/2020\/04\/DICTEE-14-in-fiche-daccompagnement.pdf\">DICTEE 14 (in) fiche d&#8217;accompagnement<\/a><\/p>\n<p><a href=\"http:\/\/elem-granvelle-besancon.ac-besancon.fr\/wp-content\/uploads\/sites\/15\/2020\/04\/DICTEE-14-in.pdf\">DICTEE 14 (in)<\/a><\/p>\n<p><strong><span style=\"color: #000000\">LECTURE du jour<\/span><\/strong><\/p>\n<p><a href=\"http:\/\/elem-granvelle-besancon.ac-besancon.fr\/wp-content\/uploads\/sites\/15\/2020\/04\/LECTURE-SEANCE-1-1.pdf\">LECTURE SEANCE 1<\/a><\/p>\n<p><a href=\"http:\/\/elem-granvelle-besancon.ac-besancon.fr\/wp-content\/uploads\/sites\/15\/2020\/04\/LE-PINCEAU-MAGIQUE-6-fiche-compr\u00e9hension.pdf\">LE PINCEAU MAGIQUE 6 fiche compr\u00e9hension<\/a><\/p>\n<p><a href=\"http:\/\/elem-granvelle-besancon.ac-besancon.fr\/wp-content\/uploads\/sites\/15\/2020\/04\/LE-PINCEAU-MAGIQUE-6a-lecture.pdf\">LE PINCEAU MAGIQUE 6a lecture<\/a><\/p>\n<p><span style=\"color: #000000\"><strong>MATHEMATIQUES du jour<\/strong><\/span><\/p>\n<p><a href=\"http:\/\/elem-granvelle-besancon.ac-besancon.fr\/wp-content\/uploads\/sites\/15\/2020\/04\/MATHS-SEANCE-56-guide-1.pdf\">MATHS SEANCE 56 guide<\/a><\/p>\n<p><a href=\"http:\/\/elem-granvelle-besancon.ac-besancon.fr\/wp-content\/uploads\/sites\/15\/2020\/04\/FICHE-S56.pdf\">FICHE S56<\/a><\/p>\n<p><span style=\"color: #000000\"><strong>ETUDE DU CODE s\u00e9ance 1<\/strong><\/span><\/p>\n<p><a href=\"http:\/\/elem-granvelle-besancon.ac-besancon.fr\/wp-content\/uploads\/sites\/15\/2020\/04\/ETUDE-DU-CODE-SEANCE-1-2.pdf\">ETUDE DU CODE SEANCE 1<\/a><\/p>\n<p><a href=\"http:\/\/elem-granvelle-besancon.ac-besancon.fr\/wp-content\/uploads\/sites\/15\/2020\/04\/fiche-ex-son-\u0292-1ter.pdf\">fiche ex son [\u0292] 1ter<\/a><\/p>\n<p><a href=\"http:\/\/elem-granvelle-besancon.ac-besancon.fr\/wp-content\/uploads\/sites\/15\/2020\/04\/TABLEAU-rep\u00e9rage-de-SON-ch-ge.pdf\">TABLEAU rep\u00e9rage de SON [ch] [ge]<\/a><\/p>\n<p><a href=\"http:\/\/elem-granvelle-besancon.ac-besancon.fr\/wp-content\/uploads\/sites\/15\/2020\/04\/IMAGES-pour-TABLEAU-rep\u00e9rage-de-SON-.pdf\">IMAGES pour TABLEAU rep\u00e9rage de SON<\/a><\/p>\n<p><a href=\"http:\/\/elem-granvelle-besancon.ac-besancon.fr\/wp-content\/uploads\/sites\/15\/2020\/04\/FICHE-SON-\u0292-cahier-de-sons.pdf\">FICHE SON [\u0292] cahier de sons<\/a><\/p>\n<p><span style=\"color: #000000\"><strong>Le\u00e7ons pour <span style=\"color: #00ff00\">JEUDI 16 AVRIL<\/span><\/strong><\/span><\/p>\n<p><span style=\"color: #000000\"><strong><span style=\"color: #ff0000\">APPRENDRE<\/span> la <span style=\"color: #ff0000\">liste 16<\/span> le\u00e7on <span style=\"color: #0000ff\">F22<\/span> dans le cahier jaune<\/strong><\/span><\/p>\n<p><a href=\"http:\/\/elem-granvelle-besancon.ac-besancon.fr\/wp-content\/uploads\/sites\/15\/2020\/04\/F21-et-F22-lorthographe-des-mots.pdf\">F21 et F22 l&#8217;orthographe des mots<\/a><\/p>\n<p><span style=\"color: #000000\"><strong>ET VOICI LA REPONSE A LA DEVINETTE &#8230;. <\/strong><\/span><strong><span style=\"color: #000000\">du ma\u00eetre \u00e0 l&#8217;\u00e9cole maternelle !<\/span><\/strong><\/p>\n<p><img loading=\"lazy\" decoding=\"async\" class=\"size-medium wp-image-5767 alignleft\" src=\"http:\/\/elem-granvelle-besancon.ac-besancon.fr\/wp-content\/uploads\/sites\/15\/2020\/04\/Screenshot_20200411-030627_Facebook-300x223.jpg\" alt=\"\" width=\"300\" height=\"223\" srcset=\"http:\/\/elem-granvelle-besancon.ac-besancon.fr\/wp-content\/uploads\/sites\/15\/2020\/04\/Screenshot_20200411-030627_Facebook-300x223.jpg 300w, http:\/\/elem-granvelle-besancon.ac-besancon.fr\/wp-content\/uploads\/sites\/15\/2020\/04\/Screenshot_20200411-030627_Facebook-1024x760.jpg 1024w, http:\/\/elem-granvelle-besancon.ac-besancon.fr\/wp-content\/uploads\/sites\/15\/2020\/04\/Screenshot_20200411-030627_Facebook-768x570.jpg 768w, http:\/\/elem-granvelle-besancon.ac-besancon.fr\/wp-content\/uploads\/sites\/15\/2020\/04\/Screenshot_20200411-030627_Facebook-404x300.jpg 404w, http:\/\/elem-granvelle-besancon.ac-besancon.fr\/wp-content\/uploads\/sites\/15\/2020\/04\/Screenshot_20200411-030627_Facebook.jpg 1080w\" sizes=\"auto, (max-width: 300px) 100vw, 300px\" \/><\/p>\n<p><img loading=\"lazy\" decoding=\"async\" class=\"size-medium wp-image-5969 alignleft\" src=\"http:\/\/elem-granvelle-besancon.ac-besancon.fr\/wp-content\/uploads\/sites\/15\/2020\/04\/Screenshot_20200414-020952_Gallery-220x300.jpg\" alt=\"\" width=\"220\" height=\"300\" srcset=\"http:\/\/elem-granvelle-besancon.ac-besancon.fr\/wp-content\/uploads\/sites\/15\/2020\/04\/Screenshot_20200414-020952_Gallery-220x300.jpg 220w, http:\/\/elem-granvelle-besancon.ac-besancon.fr\/wp-content\/uploads\/sites\/15\/2020\/04\/Screenshot_20200414-020952_Gallery-752x1024.jpg 752w, http:\/\/elem-granvelle-besancon.ac-besancon.fr\/wp-content\/uploads\/sites\/15\/2020\/04\/Screenshot_20200414-020952_Gallery-768x1046.jpg 768w, http:\/\/elem-granvelle-besancon.ac-besancon.fr\/wp-content\/uploads\/sites\/15\/2020\/04\/Screenshot_20200414-020952_Gallery.jpg 807w\" sizes=\"auto, (max-width: 220px) 100vw, 220px\" \/><\/p>\n<p>&nbsp;<\/p>\n<p>&nbsp;<\/p>\n","protected":false},"excerpt":{"rendered":"<p>DICTEE du jour DICTEE 14 (in) fiche d&#8217;accompagnement DICTEE 14 (in) LECTURE du jour LECTURE SEANCE 1 LE PINCEAU MAGIQUE 6 fiche compr\u00e9hension LE PINCEAU MAGIQUE 6a lecture MATHEMATIQUES du jour MATHS SEANCE 56 guide FICHE S56 ETUDE DU CODE &hellip; <a href=\"http:\/\/elem-granvelle-besancon.ac-besancon.fr\/?p=5679\">Continuer la lecture <span class=\"meta-nav\">&rarr;<\/span><\/a><\/p>\n","protected":false},"author":16,"featured_media":0,"comment_status":"closed","ping_status":"open","sticky":false,"template":"","format":"standard","meta":{"footnotes":""},"categories":[5],"tags":[],"class_list":["post-5679","post","type-post","status-publish","format-standard","hentry","category-classe-cp"],"_links":{"self":[{"href":"http:\/\/elem-granvelle-besancon.ac-besancon.fr\/index.php?rest_route=\/wp\/v2\/posts\/5679","targetHints":{"allow":["GET"]}}],"collection":[{"href":"http:\/\/elem-granvelle-besancon.ac-besancon.fr\/index.php?rest_route=\/wp\/v2\/posts"}],"about":[{"href":"http:\/\/elem-granvelle-besancon.ac-besancon.fr\/index.php?rest_route=\/wp\/v2\/types\/post"}],"author":[{"embeddable":true,"href":"http:\/\/elem-granvelle-besancon.ac-besancon.fr\/index.php?rest_route=\/wp\/v2\/users\/16"}],"replies":[{"embeddable":true,"href":"http:\/\/elem-granvelle-besancon.ac-besancon.fr\/index.php?rest_route=%2Fwp%2Fv2%2Fcomments&post=5679"}],"version-history":[{"count":9,"href":"http:\/\/elem-granvelle-besancon.ac-besancon.fr\/index.php?rest_route=\/wp\/v2\/posts\/5679\/revisions"}],"predecessor-version":[{"id":6032,"href":"http:\/\/elem-granvelle-besancon.ac-besancon.fr\/index.php?rest_route=\/wp\/v2\/posts\/5679\/revisions\/6032"}],"wp:attachment":[{"href":"http:\/\/elem-granvelle-besancon.ac-besancon.fr\/index.php?rest_route=%2Fwp%2Fv2%2Fmedia&parent=5679"}],"wp:term":[{"taxonomy":"category","embeddable":true,"href":"http:\/\/elem-granvelle-besancon.ac-besancon.fr\/index.php?rest_route=%2Fwp%2Fv2%2Fcategories&post=5679"},{"taxonomy":"post_tag","embeddable":true,"href":"http:\/\/elem-granvelle-besancon.ac-besancon.fr\/index.php?rest_route=%2Fwp%2Fv2%2Ftags&post=5679"}],"curies":[{"name":"wp","href":"https:\/\/api.w.org\/{rel}","templated":true}]}}