{"id":5920,"date":"2020-04-15T18:07:15","date_gmt":"2020-04-15T16:07:15","guid":{"rendered":"http:\/\/elem-granvelle-besancon.ac-besancon.fr\/?p=5920"},"modified":"2020-04-16T08:56:53","modified_gmt":"2020-04-16T06:56:53","slug":"jeudi-16-avril-2020-cm1-cm2","status":"publish","type":"post","link":"http:\/\/elem-granvelle-besancon.ac-besancon.fr\/?p=5920","title":{"rendered":"JEUDI 16 AVRIL 2020 CM1 CM2"},"content":{"rendered":"<p><img loading=\"lazy\" decoding=\"async\" class=\"aligncenter wp-image-5937 size-full\" src=\"http:\/\/elem-granvelle-besancon.ac-besancon.fr\/wp-content\/uploads\/sites\/15\/2020\/04\/IMG_20161123_120133-scaled-e1586785132179.jpg\" alt=\"\" width=\"2457\" height=\"582\" srcset=\"http:\/\/elem-granvelle-besancon.ac-besancon.fr\/wp-content\/uploads\/sites\/15\/2020\/04\/IMG_20161123_120133-scaled-e1586785132179.jpg 2457w, http:\/\/elem-granvelle-besancon.ac-besancon.fr\/wp-content\/uploads\/sites\/15\/2020\/04\/IMG_20161123_120133-scaled-e1586785132179-300x71.jpg 300w, http:\/\/elem-granvelle-besancon.ac-besancon.fr\/wp-content\/uploads\/sites\/15\/2020\/04\/IMG_20161123_120133-scaled-e1586785132179-1024x243.jpg 1024w, http:\/\/elem-granvelle-besancon.ac-besancon.fr\/wp-content\/uploads\/sites\/15\/2020\/04\/IMG_20161123_120133-scaled-e1586785132179-768x182.jpg 768w, http:\/\/elem-granvelle-besancon.ac-besancon.fr\/wp-content\/uploads\/sites\/15\/2020\/04\/IMG_20161123_120133-scaled-e1586785132179-1536x364.jpg 1536w, http:\/\/elem-granvelle-besancon.ac-besancon.fr\/wp-content\/uploads\/sites\/15\/2020\/04\/IMG_20161123_120133-scaled-e1586785132179-2048x485.jpg 2048w, http:\/\/elem-granvelle-besancon.ac-besancon.fr\/wp-content\/uploads\/sites\/15\/2020\/04\/IMG_20161123_120133-scaled-e1586785132179-500x118.jpg 500w\" sizes=\"auto, (max-width: 2457px) 100vw, 2457px\" \/><\/p>\n<h1><span style=\"color: #ff0000\">Phrase du jour et sujet d&#8217;\u00e9tude<br \/>\n<\/span><\/h1>\n<p><img loading=\"lazy\" decoding=\"async\" class=\"aligncenter size-medium wp-image-6045\" src=\"http:\/\/elem-granvelle-besancon.ac-besancon.fr\/wp-content\/uploads\/sites\/15\/2020\/04\/Chapeau-300x191.jpg\" alt=\"\" width=\"300\" height=\"191\" srcset=\"http:\/\/elem-granvelle-besancon.ac-besancon.fr\/wp-content\/uploads\/sites\/15\/2020\/04\/Chapeau-300x191.jpg 300w, http:\/\/elem-granvelle-besancon.ac-besancon.fr\/wp-content\/uploads\/sites\/15\/2020\/04\/Chapeau-471x300.jpg 471w, http:\/\/elem-granvelle-besancon.ac-besancon.fr\/wp-content\/uploads\/sites\/15\/2020\/04\/Chapeau.jpg 474w\" sizes=\"auto, (max-width: 300px) 100vw, 300px\" \/><img loading=\"lazy\" decoding=\"async\" class=\"aligncenter wp-image-6046 size-full\" src=\"http:\/\/elem-granvelle-besancon.ac-besancon.fr\/wp-content\/uploads\/sites\/15\/2020\/04\/Phrase-les-gibis-1-scaled.jpg\" alt=\"\" width=\"2560\" height=\"1981\" srcset=\"http:\/\/elem-granvelle-besancon.ac-besancon.fr\/wp-content\/uploads\/sites\/15\/2020\/04\/Phrase-les-gibis-1-scaled.jpg 2560w, http:\/\/elem-granvelle-besancon.ac-besancon.fr\/wp-content\/uploads\/sites\/15\/2020\/04\/Phrase-les-gibis-1-300x232.jpg 300w, http:\/\/elem-granvelle-besancon.ac-besancon.fr\/wp-content\/uploads\/sites\/15\/2020\/04\/Phrase-les-gibis-1-1024x792.jpg 1024w, http:\/\/elem-granvelle-besancon.ac-besancon.fr\/wp-content\/uploads\/sites\/15\/2020\/04\/Phrase-les-gibis-1-768x594.jpg 768w, http:\/\/elem-granvelle-besancon.ac-besancon.fr\/wp-content\/uploads\/sites\/15\/2020\/04\/Phrase-les-gibis-1-1536x1189.jpg 1536w, http:\/\/elem-granvelle-besancon.ac-besancon.fr\/wp-content\/uploads\/sites\/15\/2020\/04\/Phrase-les-gibis-1-2048x1585.jpg 2048w, http:\/\/elem-granvelle-besancon.ac-besancon.fr\/wp-content\/uploads\/sites\/15\/2020\/04\/Phrase-les-gibis-1-388x300.jpg 388w\" sizes=\"auto, (max-width: 2560px) 100vw, 2560px\" \/><\/p>\n<p>&nbsp;<\/p>\n<h1><span style=\"color: #ff0000\">Histoire de l&#8217;art<br \/>\n<\/span><\/h1>\n<p>Fiche n\u00b03 \u00a0\u00a0 \u00a0<a href=\"http:\/\/elem-granvelle-besancon.ac-besancon.fr\/wp-content\/uploads\/sites\/15\/2020\/04\/fiche-1-minute-au-mus\u00e9e-n3.pdf\">fiche 1 minute au mus\u00e9e n3<\/a><\/p>\n<p><img loading=\"lazy\" decoding=\"async\" class=\"aligncenter wp-image-5944 size-medium\" src=\"http:\/\/elem-granvelle-besancon.ac-besancon.fr\/wp-content\/uploads\/sites\/15\/2020\/04\/Tricher-300x205.jpg\" alt=\"\" width=\"300\" height=\"205\" srcset=\"http:\/\/elem-granvelle-besancon.ac-besancon.fr\/wp-content\/uploads\/sites\/15\/2020\/04\/Tricher-300x205.jpg 300w, http:\/\/elem-granvelle-besancon.ac-besancon.fr\/wp-content\/uploads\/sites\/15\/2020\/04\/Tricher-1024x700.jpg 1024w, http:\/\/elem-granvelle-besancon.ac-besancon.fr\/wp-content\/uploads\/sites\/15\/2020\/04\/Tricher-768x525.jpg 768w, http:\/\/elem-granvelle-besancon.ac-besancon.fr\/wp-content\/uploads\/sites\/15\/2020\/04\/Tricher-439x300.jpg 439w, http:\/\/elem-granvelle-besancon.ac-besancon.fr\/wp-content\/uploads\/sites\/15\/2020\/04\/Tricher.jpg 1200w\" sizes=\"auto, (max-width: 300px) 100vw, 300px\" \/><\/p>\n<p>Le <a href=\"https:\/\/youtu.be\/SZHkxhpWIKE\">tricheur<\/a><\/p>\n<h1><span style=\"color: #ff0000\">Calcul mental<\/span><\/h1>\n<p>Note les 15 ou\u00a0 20 premiers multiples de 42! &#8211;\u00a0\u00a0\u00a0\u00a0 42+(2+40) = 84 \u00a0 \u00a0 \u00a0 84+2 +40 =\u00a0 126 \u00a0 &#8230;.(tu dois arriver \u00e0\u00a0 630 ou 840!)<\/p>\n<h1><span style=\"color: #ff0000\">Math\u00e9matiques\/ mesures<br \/>\n<\/span><\/h1>\n<p>Approche des unit\u00e9s\u00a0 d&#8217;aire\u00a0\u00a0 <em>&#8211; <\/em>Ne pas confondre aire et p\u00e9rim\u00e8tre .<\/p>\n<p><a href=\"http:\/\/elem-granvelle-besancon.ac-besancon.fr\/wp-content\/uploads\/sites\/15\/2020\/04\/MA-MES-le\u00e7on-Aires-et-p\u00e9rim\u00e8tres-Spi-p122.pdf\">MA MES le\u00e7on Aires et p\u00e9rim\u00e8tres Spi p122<\/a><\/p>\n<p><a href=\"http:\/\/elem-granvelle-besancon.ac-besancon.fr\/wp-content\/uploads\/sites\/15\/2020\/04\/MA-MES-Aires-et-p\u00e9rim\u00e8tres-Spi-p123.pdf\">MA MES Aires et p\u00e9rim\u00e8tres Spi p123<\/a><\/p>\n<h1><span style=\"color: #ff0000\">R\u00e9cr\u00e9ation<\/span><\/h1>\n<p><img loading=\"lazy\" decoding=\"async\" class=\"aligncenter wp-image-5926 size-full\" src=\"http:\/\/elem-granvelle-besancon.ac-besancon.fr\/wp-content\/uploads\/sites\/15\/2020\/04\/frise-salle-de-bain.jpg\" alt=\"\" width=\"1597\" height=\"1641\" srcset=\"http:\/\/elem-granvelle-besancon.ac-besancon.fr\/wp-content\/uploads\/sites\/15\/2020\/04\/frise-salle-de-bain.jpg 1597w, http:\/\/elem-granvelle-besancon.ac-besancon.fr\/wp-content\/uploads\/sites\/15\/2020\/04\/frise-salle-de-bain-292x300.jpg 292w, http:\/\/elem-granvelle-besancon.ac-besancon.fr\/wp-content\/uploads\/sites\/15\/2020\/04\/frise-salle-de-bain-997x1024.jpg 997w, http:\/\/elem-granvelle-besancon.ac-besancon.fr\/wp-content\/uploads\/sites\/15\/2020\/04\/frise-salle-de-bain-768x789.jpg 768w, http:\/\/elem-granvelle-besancon.ac-besancon.fr\/wp-content\/uploads\/sites\/15\/2020\/04\/frise-salle-de-bain-1495x1536.jpg 1495w\" sizes=\"auto, (max-width: 1597px) 100vw, 1597px\" \/><\/p>\n<h4>Magnifique carrelage de Lucas! Chapeau!!<\/h4>\n<p><img loading=\"lazy\" decoding=\"async\" class=\"aligncenter size-full wp-image-6001\" src=\"http:\/\/elem-granvelle-besancon.ac-besancon.fr\/wp-content\/uploads\/sites\/15\/2020\/04\/Shadok-Luisa-scaled.jpg\" alt=\"\" width=\"2560\" height=\"2381\" srcset=\"http:\/\/elem-granvelle-besancon.ac-besancon.fr\/wp-content\/uploads\/sites\/15\/2020\/04\/Shadok-Luisa-scaled.jpg 2560w, http:\/\/elem-granvelle-besancon.ac-besancon.fr\/wp-content\/uploads\/sites\/15\/2020\/04\/Shadok-Luisa-300x279.jpg 300w, http:\/\/elem-granvelle-besancon.ac-besancon.fr\/wp-content\/uploads\/sites\/15\/2020\/04\/Shadok-Luisa-1024x952.jpg 1024w, http:\/\/elem-granvelle-besancon.ac-besancon.fr\/wp-content\/uploads\/sites\/15\/2020\/04\/Shadok-Luisa-768x714.jpg 768w, http:\/\/elem-granvelle-besancon.ac-besancon.fr\/wp-content\/uploads\/sites\/15\/2020\/04\/Shadok-Luisa-1536x1428.jpg 1536w, http:\/\/elem-granvelle-besancon.ac-besancon.fr\/wp-content\/uploads\/sites\/15\/2020\/04\/Shadok-Luisa-2048x1904.jpg 2048w, http:\/\/elem-granvelle-besancon.ac-besancon.fr\/wp-content\/uploads\/sites\/15\/2020\/04\/Shadok-Luisa-323x300.jpg 323w\" sizes=\"auto, (max-width: 2560px) 100vw, 2560px\" \/>De Luisa! Le m\u00e9chant chef<\/p>\n<p><img loading=\"lazy\" decoding=\"async\" class=\"aligncenter size-full wp-image-6000\" src=\"http:\/\/elem-granvelle-besancon.ac-besancon.fr\/wp-content\/uploads\/sites\/15\/2020\/04\/IMG_4028.jpg\" alt=\"\" width=\"536\" height=\"640\" srcset=\"http:\/\/elem-granvelle-besancon.ac-besancon.fr\/wp-content\/uploads\/sites\/15\/2020\/04\/IMG_4028.jpg 536w, http:\/\/elem-granvelle-besancon.ac-besancon.fr\/wp-content\/uploads\/sites\/15\/2020\/04\/IMG_4028-251x300.jpg 251w\" sizes=\"auto, (max-width: 536px) 100vw, 536px\" \/><\/p>\n<p>Exp\u00e9rience circuit \u00e9lectrique par Louis!<\/p>\n<p><img loading=\"lazy\" decoding=\"async\" class=\"aligncenter size-full wp-image-6006\" src=\"http:\/\/elem-granvelle-besancon.ac-besancon.fr\/wp-content\/uploads\/sites\/15\/2020\/04\/circuit-1.png\" alt=\"\" width=\"277\" height=\"165\" \/><\/p>\n<p><img loading=\"lazy\" decoding=\"async\" class=\"aligncenter size-full wp-image-6010\" src=\"http:\/\/elem-granvelle-besancon.ac-besancon.fr\/wp-content\/uploads\/sites\/15\/2020\/04\/TEC-\u00e9lectroc.jpg\" alt=\"\" width=\"170\" height=\"167\" \/><\/p>\n<h1><span style=\"color: #ff0000\">English<\/span><\/h1>\n<p><img loading=\"lazy\" decoding=\"async\" class=\"aligncenter wp-image-5927 size-medium\" src=\"http:\/\/elem-granvelle-besancon.ac-besancon.fr\/wp-content\/uploads\/sites\/15\/2020\/04\/alice-p-17-desappear-193x300.jpg\" alt=\"\" width=\"193\" height=\"300\" srcset=\"http:\/\/elem-granvelle-besancon.ac-besancon.fr\/wp-content\/uploads\/sites\/15\/2020\/04\/alice-p-17-desappear-193x300.jpg 193w, http:\/\/elem-granvelle-besancon.ac-besancon.fr\/wp-content\/uploads\/sites\/15\/2020\/04\/alice-p-17-desappear-660x1024.jpg 660w, http:\/\/elem-granvelle-besancon.ac-besancon.fr\/wp-content\/uploads\/sites\/15\/2020\/04\/alice-p-17-desappear-768x1192.jpg 768w, http:\/\/elem-granvelle-besancon.ac-besancon.fr\/wp-content\/uploads\/sites\/15\/2020\/04\/alice-p-17-desappear-989x1536.jpg 989w, http:\/\/elem-granvelle-besancon.ac-besancon.fr\/wp-content\/uploads\/sites\/15\/2020\/04\/alice-p-17-desappear-1319x2048.jpg 1319w, http:\/\/elem-granvelle-besancon.ac-besancon.fr\/wp-content\/uploads\/sites\/15\/2020\/04\/alice-p-17-desappear-scaled.jpg 1649w\" sizes=\"auto, (max-width: 193px) 100vw, 193px\" \/><\/p>\n<p>Alice in wonderland<\/p>\n<audio class=\"wp-audio-shortcode\" id=\"audio-5920-1\" preload=\"none\" style=\"width: 100%;\" controls=\"controls\"><source type=\"audio\/mpeg\" src=\"http:\/\/elem-granvelle-besancon.ac-besancon.fr\/wp-content\/uploads\/sites\/15\/2020\/04\/Track-No12.mp3?_=1\" \/><a href=\"http:\/\/elem-granvelle-besancon.ac-besancon.fr\/wp-content\/uploads\/sites\/15\/2020\/04\/Track-No12.mp3\">http:\/\/elem-granvelle-besancon.ac-besancon.fr\/wp-content\/uploads\/sites\/15\/2020\/04\/Track-No12.mp3<\/a><\/audio>\n<h4>avec le fameux &#8221; he desappears!&#8221;<\/h4>\n<p>Fiche de r\u00e9visions Play and remember 02 \u00a0<a href=\"http:\/\/elem-granvelle-besancon.ac-besancon.fr\/wp-content\/uploads\/sites\/15\/2020\/04\/ANG-Play-and-remember-2-family-animals.pdf\">ANG Play and remember 2 family animals<\/a><\/p>\n<h1><span style=\"color: #ff0000\">Vocabulaire<br \/>\n<\/span><\/h1>\n<p>Savoir expliquer l&#8217;adjectif avec un compl\u00e9ment du nom 1\u00a0 <a href=\"http:\/\/elem-granvelle-besancon.ac-besancon.fr\/wp-content\/uploads\/sites\/15\/2020\/04\/VO-de-l-adjectif-au-compl\u00e9ment-du-nom-01.pdf\">VO de l adjectif au compl\u00e9ment du nom 01<\/a><\/p>\n<p><strong><span style=\"color: #ff0000\">R\u00e9cr\u00e9ation<\/span><\/strong><\/p>\n<p><img loading=\"lazy\" decoding=\"async\" class=\"aligncenter size-full wp-image-5997\" src=\"http:\/\/elem-granvelle-besancon.ac-besancon.fr\/wp-content\/uploads\/sites\/15\/2020\/04\/IMG_20200413_230751_01.jpg\" alt=\"\" width=\"996\" height=\"720\" srcset=\"http:\/\/elem-granvelle-besancon.ac-besancon.fr\/wp-content\/uploads\/sites\/15\/2020\/04\/IMG_20200413_230751_01.jpg 996w, http:\/\/elem-granvelle-besancon.ac-besancon.fr\/wp-content\/uploads\/sites\/15\/2020\/04\/IMG_20200413_230751_01-300x217.jpg 300w, http:\/\/elem-granvelle-besancon.ac-besancon.fr\/wp-content\/uploads\/sites\/15\/2020\/04\/IMG_20200413_230751_01-768x555.jpg 768w, http:\/\/elem-granvelle-besancon.ac-besancon.fr\/wp-content\/uploads\/sites\/15\/2020\/04\/IMG_20200413_230751_01-415x300.jpg 415w\" sizes=\"auto, (max-width: 996px) 100vw, 996px\" \/><\/p>\n<p><img loading=\"lazy\" decoding=\"async\" class=\"aligncenter size-full wp-image-6003\" src=\"http:\/\/elem-granvelle-besancon.ac-besancon.fr\/wp-content\/uploads\/sites\/15\/2020\/04\/IMG_20200413_230739_01.jpg\" alt=\"\" width=\"720\" height=\"720\" srcset=\"http:\/\/elem-granvelle-besancon.ac-besancon.fr\/wp-content\/uploads\/sites\/15\/2020\/04\/IMG_20200413_230739_01.jpg 720w, http:\/\/elem-granvelle-besancon.ac-besancon.fr\/wp-content\/uploads\/sites\/15\/2020\/04\/IMG_20200413_230739_01-300x300.jpg 300w, http:\/\/elem-granvelle-besancon.ac-besancon.fr\/wp-content\/uploads\/sites\/15\/2020\/04\/IMG_20200413_230739_01-150x150.jpg 150w\" sizes=\"auto, (max-width: 720px) 100vw, 720px\" \/><\/p>\n<p>Avec les \u00e9tiquettes ! Bravo et merci!<\/p>\n<p>Rosa int\u00e8gre les maths dans un \u00e9pisode des Shadoks!<\/p>\n<p>\u00c9videmment, ce sont les Gibis qui font les devoirs du confinement!\u00a0 Pour eux, c&#8217;est facile!<\/p>\n<p>&nbsp;<\/p>\n<p><img loading=\"lazy\" decoding=\"async\" class=\"aligncenter size-full wp-image-6168\" src=\"http:\/\/elem-granvelle-besancon.ac-besancon.fr\/wp-content\/uploads\/sites\/15\/2020\/04\/Rosa-shadoks.jpg\" alt=\"\" width=\"1874\" height=\"1380\" srcset=\"http:\/\/elem-granvelle-besancon.ac-besancon.fr\/wp-content\/uploads\/sites\/15\/2020\/04\/Rosa-shadoks.jpg 1874w, http:\/\/elem-granvelle-besancon.ac-besancon.fr\/wp-content\/uploads\/sites\/15\/2020\/04\/Rosa-shadoks-300x221.jpg 300w, http:\/\/elem-granvelle-besancon.ac-besancon.fr\/wp-content\/uploads\/sites\/15\/2020\/04\/Rosa-shadoks-1024x754.jpg 1024w, http:\/\/elem-granvelle-besancon.ac-besancon.fr\/wp-content\/uploads\/sites\/15\/2020\/04\/Rosa-shadoks-768x566.jpg 768w, http:\/\/elem-granvelle-besancon.ac-besancon.fr\/wp-content\/uploads\/sites\/15\/2020\/04\/Rosa-shadoks-1536x1131.jpg 1536w, http:\/\/elem-granvelle-besancon.ac-besancon.fr\/wp-content\/uploads\/sites\/15\/2020\/04\/Rosa-shadoks-407x300.jpg 407w\" sizes=\"auto, (max-width: 1874px) 100vw, 1874px\" \/><\/p>\n<p><strong><span style=\"color: #ff0000\">Biologie\/ cycle du vivant<\/span><\/strong> : Samuel a diss\u00e9qu\u00e9 une pelote de r\u00e9jection de chouette( boule rejet\u00e9e par un rapace constitu\u00e9e par ce qu&#8217;il ne peut pas dig\u00e9rer).<\/p>\n<p>D&#8217;un c\u00f4t\u00e9, le reste des plumes et des poils.<\/p>\n<p><img loading=\"lazy\" decoding=\"async\" class=\"alignnone wp-image-5922 size-full\" src=\"http:\/\/elem-granvelle-besancon.ac-besancon.fr\/wp-content\/uploads\/sites\/15\/2020\/04\/Pelote-1.jpg\" alt=\"\" width=\"740\" height=\"987\" srcset=\"http:\/\/elem-granvelle-besancon.ac-besancon.fr\/wp-content\/uploads\/sites\/15\/2020\/04\/Pelote-1.jpg 740w, http:\/\/elem-granvelle-besancon.ac-besancon.fr\/wp-content\/uploads\/sites\/15\/2020\/04\/Pelote-1-225x300.jpg 225w\" sizes=\"auto, (max-width: 740px) 100vw, 740px\" \/><\/p>\n<p>De l&#8217;autre, les os&#8230;<\/p>\n<p><img loading=\"lazy\" decoding=\"async\" class=\"aligncenter size-full wp-image-5923\" src=\"http:\/\/elem-granvelle-besancon.ac-besancon.fr\/wp-content\/uploads\/sites\/15\/2020\/04\/pelote-2.jpg\" alt=\"\" width=\"625\" height=\"716\" srcset=\"http:\/\/elem-granvelle-besancon.ac-besancon.fr\/wp-content\/uploads\/sites\/15\/2020\/04\/pelote-2.jpg 625w, http:\/\/elem-granvelle-besancon.ac-besancon.fr\/wp-content\/uploads\/sites\/15\/2020\/04\/pelote-2-262x300.jpg 262w\" sizes=\"auto, (max-width: 625px) 100vw, 625px\" \/><\/p>\n<p>Merci Samuel!<\/p>\n<h1><span style=\"color: #ff0000\">G\u00e9ographie \u00a0 <a href=\"http:\/\/elem-granvelle-besancon.ac-besancon.fr\/wp-content\/uploads\/sites\/15\/2020\/04\/GEO-cartes-europe.pdf\">GEO cartes europe<\/a>\u00a0 Quelques capitales et pays d&#8217;Europe<br \/>\n<\/span><\/h1>\n<p>Tu peux, si tu veux, rajouter des cases et des num\u00e9ros pour les pays que tu connais et qui sont en pointill\u00e9s&#8230;<\/p>\n<p><img loading=\"lazy\" decoding=\"async\" class=\"aligncenter wp-image-5942 size-medium\" src=\"http:\/\/elem-granvelle-besancon.ac-besancon.fr\/wp-content\/uploads\/sites\/15\/2020\/04\/GEO-cartes-europe-300x212.jpg\" alt=\"\" width=\"300\" height=\"212\" srcset=\"http:\/\/elem-granvelle-besancon.ac-besancon.fr\/wp-content\/uploads\/sites\/15\/2020\/04\/GEO-cartes-europe-300x212.jpg 300w, http:\/\/elem-granvelle-besancon.ac-besancon.fr\/wp-content\/uploads\/sites\/15\/2020\/04\/GEO-cartes-europe-1024x724.jpg 1024w, http:\/\/elem-granvelle-besancon.ac-besancon.fr\/wp-content\/uploads\/sites\/15\/2020\/04\/GEO-cartes-europe-768x543.jpg 768w, http:\/\/elem-granvelle-besancon.ac-besancon.fr\/wp-content\/uploads\/sites\/15\/2020\/04\/GEO-cartes-europe-1536x1086.jpg 1536w, http:\/\/elem-granvelle-besancon.ac-besancon.fr\/wp-content\/uploads\/sites\/15\/2020\/04\/GEO-cartes-europe-2048x1448.jpg 2048w, http:\/\/elem-granvelle-besancon.ac-besancon.fr\/wp-content\/uploads\/sites\/15\/2020\/04\/GEO-cartes-europe-424x300.jpg 424w\" sizes=\"auto, (max-width: 300px) 100vw, 300px\" \/><\/p>\n<h1><span style=\"color: #ff0000\">Lecture \u00a0 \u00a0 <a href=\"http:\/\/elem-granvelle-besancon.ac-besancon.fr\/wp-content\/uploads\/sites\/15\/2020\/04\/LECT-TEC-Les-eaux-us\u00e9es.pdf\">LECT TEC Les eaux us\u00e9es<\/a> <\/span><\/h1>\n<p><img loading=\"lazy\" decoding=\"async\" class=\"aligncenter wp-image-5940 size-medium\" src=\"http:\/\/elem-granvelle-besancon.ac-besancon.fr\/wp-content\/uploads\/sites\/15\/2020\/04\/station-\u00e9p-300x200.jpg\" alt=\"\" width=\"300\" height=\"200\" srcset=\"http:\/\/elem-granvelle-besancon.ac-besancon.fr\/wp-content\/uploads\/sites\/15\/2020\/04\/station-\u00e9p-300x200.jpg 300w, http:\/\/elem-granvelle-besancon.ac-besancon.fr\/wp-content\/uploads\/sites\/15\/2020\/04\/station-\u00e9p-451x300.jpg 451w, http:\/\/elem-granvelle-besancon.ac-besancon.fr\/wp-content\/uploads\/sites\/15\/2020\/04\/station-\u00e9p.jpg 640w\" sizes=\"auto, (max-width: 300px) 100vw, 300px\" \/><\/p>\n<h1><\/h1>\n<h1><span style=\"color: #ff0000\">Histoire de la musique<\/span><\/h1>\n<h2><strong>Schubert: c&#8217;est la m\u00eame intro que &#8220;Moment parfait&#8221;.<\/strong>.. Ouah, je connais 2 mesures de Franz Schubert. \u00c9coute, c&#8217;est beau!<\/h2>\n<p><a href=\"https:\/\/youtu.be\/nioKJNp8ADE\">Schubert Trio<\/a><\/p>\n<p><img loading=\"lazy\" decoding=\"async\" class=\"aligncenter size-full wp-image-6035\" src=\"http:\/\/elem-granvelle-besancon.ac-besancon.fr\/wp-content\/uploads\/sites\/15\/2020\/04\/Trio-Schubert.jpg\" alt=\"\" width=\"957\" height=\"650\" srcset=\"http:\/\/elem-granvelle-besancon.ac-besancon.fr\/wp-content\/uploads\/sites\/15\/2020\/04\/Trio-Schubert.jpg 957w, http:\/\/elem-granvelle-besancon.ac-besancon.fr\/wp-content\/uploads\/sites\/15\/2020\/04\/Trio-Schubert-300x204.jpg 300w, http:\/\/elem-granvelle-besancon.ac-besancon.fr\/wp-content\/uploads\/sites\/15\/2020\/04\/Trio-Schubert-768x522.jpg 768w, http:\/\/elem-granvelle-besancon.ac-besancon.fr\/wp-content\/uploads\/sites\/15\/2020\/04\/Trio-Schubert-442x300.jpg 442w\" sizes=\"auto, (max-width: 957px) 100vw, 957px\" \/><\/p>\n<p>&nbsp;<\/p>\n<p><strong>Apr\u00e8s le reggae: le Ska<\/strong>!\u00a0 The specials &#8211;<a href=\"https:\/\/youtu.be\/cntvEDbagAw\"> A message to you Rudy<\/a><\/p>\n<p><img loading=\"lazy\" decoding=\"async\" class=\"aligncenter size-full wp-image-6022\" src=\"http:\/\/elem-granvelle-besancon.ac-besancon.fr\/wp-content\/uploads\/sites\/15\/2020\/04\/Madness.jpg\" alt=\"\" width=\"997\" height=\"676\" srcset=\"http:\/\/elem-granvelle-besancon.ac-besancon.fr\/wp-content\/uploads\/sites\/15\/2020\/04\/Madness.jpg 997w, http:\/\/elem-granvelle-besancon.ac-besancon.fr\/wp-content\/uploads\/sites\/15\/2020\/04\/Madness-300x203.jpg 300w, http:\/\/elem-granvelle-besancon.ac-besancon.fr\/wp-content\/uploads\/sites\/15\/2020\/04\/Madness-768x521.jpg 768w, http:\/\/elem-granvelle-besancon.ac-besancon.fr\/wp-content\/uploads\/sites\/15\/2020\/04\/Madness-442x300.jpg 442w\" sizes=\"auto, (max-width: 997px) 100vw, 997px\" \/><\/p>\n<p>Et le plus connu : <strong>Madness<\/strong> ( folie) Are you mad?\u00a0\u00a0 <a href=\"https:\/\/youtu.be\/SOJSM46nWwo\">One step beyond<\/a> ( un pas au-del\u00e0!)<\/p>\n<p><img loading=\"lazy\" decoding=\"async\" class=\"aligncenter size-full wp-image-6169\" src=\"http:\/\/elem-granvelle-besancon.ac-besancon.fr\/wp-content\/uploads\/sites\/15\/2020\/04\/Chauve-souris.jpg\" alt=\"\" width=\"474\" height=\"237\" srcset=\"http:\/\/elem-granvelle-besancon.ac-besancon.fr\/wp-content\/uploads\/sites\/15\/2020\/04\/Chauve-souris.jpg 474w, http:\/\/elem-granvelle-besancon.ac-besancon.fr\/wp-content\/uploads\/sites\/15\/2020\/04\/Chauve-souris-300x150.jpg 300w\" sizes=\"auto, (max-width: 474px) 100vw, 474px\" \/><\/p>\n<p><strong>Chanson de la Chorale<\/strong> :<a href=\"https:\/\/dai.ly\/x6o1mop\"> la chauve-souris<\/a><\/p>\n<p>C&#8217;est la seule vid\u00e9o qui respecte &#8220;un peu&#8221; le confinement!<\/p>\n<p>&nbsp;<\/p>\n<p><img loading=\"lazy\" decoding=\"async\" class=\"aligncenter wp-image-5136 size-large\" src=\"http:\/\/elem-granvelle-besancon.ac-besancon.fr\/wp-content\/uploads\/sites\/15\/2020\/04\/20200403_1231323-1024x398.jpg\" alt=\"\" width=\"584\" height=\"227\" srcset=\"http:\/\/elem-granvelle-besancon.ac-besancon.fr\/wp-content\/uploads\/sites\/15\/2020\/04\/20200403_1231323-1024x398.jpg 1024w, http:\/\/elem-granvelle-besancon.ac-besancon.fr\/wp-content\/uploads\/sites\/15\/2020\/04\/20200403_1231323-300x117.jpg 300w, http:\/\/elem-granvelle-besancon.ac-besancon.fr\/wp-content\/uploads\/sites\/15\/2020\/04\/20200403_1231323-768x298.jpg 768w, http:\/\/elem-granvelle-besancon.ac-besancon.fr\/wp-content\/uploads\/sites\/15\/2020\/04\/20200403_1231323-1536x597.jpg 1536w, http:\/\/elem-granvelle-besancon.ac-besancon.fr\/wp-content\/uploads\/sites\/15\/2020\/04\/20200403_1231323-500x194.jpg 500w, http:\/\/elem-granvelle-besancon.ac-besancon.fr\/wp-content\/uploads\/sites\/15\/2020\/04\/20200403_1231323.jpg 1876w\" sizes=\"auto, (max-width: 584px) 100vw, 584px\" \/><\/p>\n<p><img loading=\"lazy\" decoding=\"async\" class=\"aligncenter size-medium wp-image-6040\" src=\"http:\/\/elem-granvelle-besancon.ac-besancon.fr\/wp-content\/uploads\/sites\/15\/2020\/04\/Shad-confettis-300x178.jpg\" alt=\"\" width=\"300\" height=\"178\" srcset=\"http:\/\/elem-granvelle-besancon.ac-besancon.fr\/wp-content\/uploads\/sites\/15\/2020\/04\/Shad-confettis-300x178.jpg 300w, http:\/\/elem-granvelle-besancon.ac-besancon.fr\/wp-content\/uploads\/sites\/15\/2020\/04\/Shad-confettis-768x456.jpg 768w, http:\/\/elem-granvelle-besancon.ac-besancon.fr\/wp-content\/uploads\/sites\/15\/2020\/04\/Shad-confettis-500x297.jpg 500w, http:\/\/elem-granvelle-besancon.ac-besancon.fr\/wp-content\/uploads\/sites\/15\/2020\/04\/Shad-confettis.jpg 902w\" sizes=\"auto, (max-width: 300px) 100vw, 300px\" \/><\/p>\n<h1><span style=\"color: #ff0000\">Shadoks\u00a0\u00a0 11\u00a0\u00a0\u00a0\u00a0 <a href=\"https:\/\/youtu.be\/82LRwQdg2x0\">Les confettis<\/a><br \/>\n<\/span><\/h1>\n<p>\u00e0 demain!<\/p>\n<p><img loading=\"lazy\" decoding=\"async\" class=\"size-full wp-image-5937 alignleft\" src=\"http:\/\/elem-granvelle-besancon.ac-besancon.fr\/wp-content\/uploads\/sites\/15\/2020\/04\/IMG_20161123_120133-scaled-e1586785132179.jpg\" alt=\"\" width=\"2457\" height=\"582\" srcset=\"http:\/\/elem-granvelle-besancon.ac-besancon.fr\/wp-content\/uploads\/sites\/15\/2020\/04\/IMG_20161123_120133-scaled-e1586785132179.jpg 2457w, http:\/\/elem-granvelle-besancon.ac-besancon.fr\/wp-content\/uploads\/sites\/15\/2020\/04\/IMG_20161123_120133-scaled-e1586785132179-300x71.jpg 300w, http:\/\/elem-granvelle-besancon.ac-besancon.fr\/wp-content\/uploads\/sites\/15\/2020\/04\/IMG_20161123_120133-scaled-e1586785132179-1024x243.jpg 1024w, http:\/\/elem-granvelle-besancon.ac-besancon.fr\/wp-content\/uploads\/sites\/15\/2020\/04\/IMG_20161123_120133-scaled-e1586785132179-768x182.jpg 768w, http:\/\/elem-granvelle-besancon.ac-besancon.fr\/wp-content\/uploads\/sites\/15\/2020\/04\/IMG_20161123_120133-scaled-e1586785132179-1536x364.jpg 1536w, http:\/\/elem-granvelle-besancon.ac-besancon.fr\/wp-content\/uploads\/sites\/15\/2020\/04\/IMG_20161123_120133-scaled-e1586785132179-2048x485.jpg 2048w, http:\/\/elem-granvelle-besancon.ac-besancon.fr\/wp-content\/uploads\/sites\/15\/2020\/04\/IMG_20161123_120133-scaled-e1586785132179-500x118.jpg 500w\" sizes=\"auto, (max-width: 2457px) 100vw, 2457px\" \/><\/p>\n<p>&nbsp;<\/p>\n","protected":false},"excerpt":{"rendered":"<p>Phrase du jour et sujet d&#8217;\u00e9tude &nbsp; Histoire de l&#8217;art Fiche n\u00b03 \u00a0\u00a0 \u00a0fiche 1 minute au mus\u00e9e n3 Le tricheur Calcul mental Note les 15 ou\u00a0 20 premiers multiples de 42! &#8211;\u00a0\u00a0\u00a0\u00a0 42+(2+40) = 84 \u00a0 \u00a0 \u00a0 84+2 &hellip; <a href=\"http:\/\/elem-granvelle-besancon.ac-besancon.fr\/?p=5920\">Continuer la lecture <span class=\"meta-nav\">&rarr;<\/span><\/a><\/p>\n","protected":false},"author":16,"featured_media":0,"comment_status":"closed","ping_status":"open","sticky":false,"template":"","format":"standard","meta":{"footnotes":""},"categories":[1],"tags":[],"class_list":["post-5920","post","type-post","status-publish","format-standard","hentry","category-classe-cm2"],"_links":{"self":[{"href":"http:\/\/elem-granvelle-besancon.ac-besancon.fr\/index.php?rest_route=\/wp\/v2\/posts\/5920","targetHints":{"allow":["GET"]}}],"collection":[{"href":"http:\/\/elem-granvelle-besancon.ac-besancon.fr\/index.php?rest_route=\/wp\/v2\/posts"}],"about":[{"href":"http:\/\/elem-granvelle-besancon.ac-besancon.fr\/index.php?rest_route=\/wp\/v2\/types\/post"}],"author":[{"embeddable":true,"href":"http:\/\/elem-granvelle-besancon.ac-besancon.fr\/index.php?rest_route=\/wp\/v2\/users\/16"}],"replies":[{"embeddable":true,"href":"http:\/\/elem-granvelle-besancon.ac-besancon.fr\/index.php?rest_route=%2Fwp%2Fv2%2Fcomments&post=5920"}],"version-history":[{"count":20,"href":"http:\/\/elem-granvelle-besancon.ac-besancon.fr\/index.php?rest_route=\/wp\/v2\/posts\/5920\/revisions"}],"predecessor-version":[{"id":6258,"href":"http:\/\/elem-granvelle-besancon.ac-besancon.fr\/index.php?rest_route=\/wp\/v2\/posts\/5920\/revisions\/6258"}],"wp:attachment":[{"href":"http:\/\/elem-granvelle-besancon.ac-besancon.fr\/index.php?rest_route=%2Fwp%2Fv2%2Fmedia&parent=5920"}],"wp:term":[{"taxonomy":"category","embeddable":true,"href":"http:\/\/elem-granvelle-besancon.ac-besancon.fr\/index.php?rest_route=%2Fwp%2Fv2%2Fcategories&post=5920"},{"taxonomy":"post_tag","embeddable":true,"href":"http:\/\/elem-granvelle-besancon.ac-besancon.fr\/index.php?rest_route=%2Fwp%2Fv2%2Ftags&post=5920"}],"curies":[{"name":"wp","href":"https:\/\/api.w.org\/{rel}","templated":true}]}}