{"id":6008,"date":"2020-04-16T09:00:57","date_gmt":"2020-04-16T07:00:57","guid":{"rendered":"http:\/\/elem-granvelle-besancon.ac-besancon.fr\/?p=6008"},"modified":"2020-04-16T14:25:00","modified_gmt":"2020-04-16T12:25:00","slug":"jeudi-16-avril-activites-ce2-cm1","status":"publish","type":"post","link":"http:\/\/elem-granvelle-besancon.ac-besancon.fr\/?p=6008","title":{"rendered":"JEUDI 16 AVRIL ACTIVIT\u00c9S CE2 CM1"},"content":{"rendered":"<div style=\"width: 584px;\" class=\"wp-video\"><video class=\"wp-video-shortcode\" id=\"video-6008-1\" width=\"584\" height=\"329\" preload=\"metadata\" controls=\"controls\"><source type=\"video\/mp4\" src=\"http:\/\/elem-granvelle-besancon.ac-besancon.fr\/wp-content\/uploads\/sites\/15\/2020\/04\/JEUDI-16-AVRIL.mp4?_=1\" \/><a href=\"http:\/\/elem-granvelle-besancon.ac-besancon.fr\/wp-content\/uploads\/sites\/15\/2020\/04\/JEUDI-16-AVRIL.mp4\">http:\/\/elem-granvelle-besancon.ac-besancon.fr\/wp-content\/uploads\/sites\/15\/2020\/04\/JEUDI-16-AVRIL.mp4<\/a><\/video><\/div>\n<p>&nbsp;<\/p>\n<p><span style=\"color: #800000\"><strong>BONJOUR LES ENFANTS!<\/strong><\/span><\/p>\n<p><em><strong><span style=\"color: #800080\">J&#8217;esp\u00e8re que tout le monde va bien. Pour aujourd&#8217;hui: 1 citation \u00e0 colorier, de la lecture implicite avec l&#8217;inspecteur LITOU , le Tr\u00e9sor des Pirates 5 en math\u00e9matiques, une nouvelle chanson en anglais, des sciences avec le traitement des d\u00e9chets et 1 jour 1 question.<\/span><\/strong><\/em><\/p>\n<p><span style=\"color: #003366\"><strong>Nous nous retrouvons tous \u00e0 15h30 avec les musiciens de la classe pour la classe virtuelle! Les parents musiciens sont aussi invit\u00e9s!Je vous souhaite une bonne journ\u00e9e.<\/strong><\/span><\/p>\n<p><span style=\"color: #993300\"><em><strong>Une petite vid\u00e9o de derni\u00e8re minute par Mathieu, son fr\u00e8re te ses s\u0153urs!<\/strong><\/em><\/span><\/p>\n<div style=\"width: 320px;\" class=\"wp-video\"><video class=\"wp-video-shortcode\" id=\"video-6008-2\" width=\"320\" height=\"240\" preload=\"metadata\" controls=\"controls\"><source type=\"video\/mp4\" src=\"http:\/\/elem-granvelle-besancon.ac-besancon.fr\/wp-content\/uploads\/sites\/15\/2020\/04\/Les-artistes-3.mp4?_=2\" \/><a href=\"http:\/\/elem-granvelle-besancon.ac-besancon.fr\/wp-content\/uploads\/sites\/15\/2020\/04\/Les-artistes-3.mp4\">http:\/\/elem-granvelle-besancon.ac-besancon.fr\/wp-content\/uploads\/sites\/15\/2020\/04\/Les-artistes-3.mp4<\/a><\/video><\/div>\n<p><span style=\"color: #333300\"><em><strong>Et un petit po\u00e8me de Camille: Le monde \u00e0 l&#8217;envers&#8230;<\/strong><\/em><\/span><\/p>\n<div dir=\"\"><span style=\"color: #cd232c;font-family: courier new, courier, monaco, monospace, sans-serif;font-size: xx-large\"><b><i>Gram Stram Am<\/i><\/b><\/span><\/div>\n<div dir=\"ltr\"><\/div>\n<div dir=\"\"><span style=\"color: #5b8828;font-family: courier new, courier, monaco, monospace, sans-serif\"><span style=\"font-size: x-large\">C<\/span><span style=\"font-size: medium\">amille est gratt\u00e9 par la guitare\u00a0<\/span><\/span><\/div>\n<div dir=\"ltr\"><span style=\"color: #4c76a2;font-family: courier new, courier, monaco, monospace, sans-serif\"><span style=\"font-size: x-large\">U<\/span><span style=\"font-size: medium\">n inconnu est rang\u00e9 par le bazar<\/span><\/span><\/div>\n<div dir=\"ltr\"><span style=\"color: #652191;font-family: courier new, courier, monaco, monospace, sans-serif\"><span style=\"font-size: x-large\">C<\/span><span style=\"font-size: medium\">amille est mang\u00e9 par la poire<\/span><\/span><\/div>\n<div dir=\"ltr\"><strong><span style=\"color: #9d1811;font-family: courier new, courier, monaco, monospace, sans-serif\"><span style=\"font-size: x-large\">M<\/span><span style=\"font-size: medium\">aman est utilis\u00e9e par le mouchoir<\/span><\/span><\/strong><\/div>\n<div dir=\"ltr\"><strong><span style=\"color: #808080;font-family: courier new, courier, monaco, monospace, sans-serif\"><span style=\"font-size: x-large\">D<\/span><span style=\"font-size: medium\">u chocolat a mang\u00e9 mes parents<\/span><\/span><\/strong><\/div>\n<div dir=\"ltr\"><strong><span style=\"color: #440062;font-family: courier new, courier, monaco, monospace, sans-serif\"><span style=\"font-size: x-large\">D<\/span><span style=\"font-size: medium\">es salades vont vendre le marchand<\/span><\/span><\/strong><\/div>\n<div dir=\"ltr\"><strong><span style=\"color: #cb008e;font-family: courier new, courier, monaco, monospace, sans-serif\"><span style=\"font-size: x-large\">L<\/span><span style=\"font-size: medium\">e rugby joue aux enfants<\/span><\/span><\/strong><\/div>\n<div dir=\"ltr\"><strong><span style=\"color: #8fca40;font-family: courier new, courier, monaco, monospace, sans-serif\"><span style=\"font-size: x-large\">L<\/span><span style=\"font-size: medium\">es spectacles marrants aiment mamie<\/span><\/span><\/strong><\/div>\n<div dir=\"ltr\"><strong><span style=\"color: #d36a53;font-family: courier new, courier, monaco, monospace, sans-serif\"><span style=\"font-size: x-large\">A<\/span><span style=\"font-size: medium\">ksel est mang\u00e9 par les frites<\/span><\/span><\/strong><\/div>\n<div dir=\"ltr\"><strong><span style=\"color: #a46016;font-family: courier new, courier, monaco, monospace, sans-serif\"><span style=\"font-size: x-large\">L&#8217;<\/span>\u00a0<span style=\"font-size: medium\">enfant est cueilli par une marguerite<\/span><\/span><\/strong><\/div>\n<div dir=\"ltr\"><span style=\"color: #a46016;font-family: courier new, courier, monaco, monospace, sans-serif\"><span style=\"font-size: medium\">\u00a0<\/span><\/span><\/div>\n<div dir=\"\"><span style=\"font-family: courier new, courier, monaco, monospace, sans-serif\"><span style=\"font-size: medium\">\u00a0 \u00a0 \u00a0 \u00a0 \u00a0 \u00a0 \u00a0 \u00a0 \u00a0 \u00a0 \u00a0 \u00a0 \u00a0 \u00a0 \u00a0 \u00a0 \u00a0 \u00a0<\/span><\/span><\/div>\n<div dir=\"\"><span style=\"font-family: courier new, courier, monaco, monospace, sans-serif\"><span style=\"font-size: medium\">\u00a0 \u00a0 \u00a0 \u00a0 \u00a0 \u00a0 \u00a0 \u00a0 \u00a0 \u00a0 \u00a0 \u00a0 \u00a0 \u00a0 \u00a0 \u00a0 \u00a0<strong> Camille<\/strong><\/span><\/span><\/div>\n<p><a href=\"http:\/\/elem-granvelle-besancon.ac-besancon.fr\/?attachment_id=4127\" rel=\"attachment wp-att-4127\"><img loading=\"lazy\" decoding=\"async\" class=\"wp-image-4127 alignnone\" src=\"http:\/\/elem-granvelle-besancon.ac-besancon.fr\/wp-content\/uploads\/sites\/15\/2020\/03\/ETIQUETTE-CITATION-DU-JOUR-300x103.jpg\" alt=\"\" width=\"245\" height=\"90\" \/><\/a><\/p>\n<p><strong><span style=\"color: #333300\">Clique sur l&#8217;image<\/span><\/strong><\/p>\n<p><a href=\"http:\/\/elem-granvelle-besancon.ac-besancon.fr\/wp-content\/uploads\/sites\/15\/2020\/04\/CITATION-14.pdf\"><img loading=\"lazy\" decoding=\"async\" class=\"alignnone size-medium wp-image-6043\" src=\"http:\/\/elem-granvelle-besancon.ac-besancon.fr\/wp-content\/uploads\/sites\/15\/2020\/04\/CITATION-14-300x208.jpg\" alt=\"\" width=\"300\" height=\"208\" srcset=\"http:\/\/elem-granvelle-besancon.ac-besancon.fr\/wp-content\/uploads\/sites\/15\/2020\/04\/CITATION-14-300x208.jpg 300w, http:\/\/elem-granvelle-besancon.ac-besancon.fr\/wp-content\/uploads\/sites\/15\/2020\/04\/CITATION-14-1024x709.jpg 1024w, http:\/\/elem-granvelle-besancon.ac-besancon.fr\/wp-content\/uploads\/sites\/15\/2020\/04\/CITATION-14-768x532.jpg 768w, http:\/\/elem-granvelle-besancon.ac-besancon.fr\/wp-content\/uploads\/sites\/15\/2020\/04\/CITATION-14-433x300.jpg 433w, http:\/\/elem-granvelle-besancon.ac-besancon.fr\/wp-content\/uploads\/sites\/15\/2020\/04\/CITATION-14.jpg 1040w\" sizes=\"auto, (max-width: 300px) 100vw, 300px\" \/><\/a><\/p>\n<p>&nbsp;<\/p>\n<p><img loading=\"lazy\" decoding=\"async\" class=\"wp-image-4114 alignnone\" src=\"http:\/\/elem-granvelle-besancon.ac-besancon.fr\/wp-content\/uploads\/sites\/15\/2020\/03\/MARDI-30-MARS-1-300x158.jpg\" alt=\"\" width=\"163\" height=\"91\" \/><\/p>\n<p><img loading=\"lazy\" decoding=\"async\" class=\"\" src=\"http:\/\/elem-granvelle-besancon.ac-besancon.fr\/wp-content\/uploads\/sites\/15\/2020\/04\/INSPECTEUR-LITOU-150x150.jpg\" width=\"114\" height=\"114\" \/>\u00a0 \u00a0 \u00a0 \u00a0 <span style=\"color: #0000ff\"><strong>\u00a0Inspecteur Litou: &#8220;Du sable et des dunes&#8230;&#8221;<\/strong><\/span><\/p>\n<p><span style=\"color: #ff0000\"><span style=\"color: #0000ff\"><strong>\u00a0EN Word\u00a0<\/strong><\/span> \u00a0 \u00a0 \u00a0 \u00a0 \u00a0 \u00a0<a href=\"http:\/\/elem-granvelle-besancon.ac-besancon.fr\/wp-content\/uploads\/sites\/15\/2020\/04\/INSPECTEUR-LITOU-FICHE-5i.docx\"><img loading=\"lazy\" decoding=\"async\" class=\"\" src=\"http:\/\/elem-granvelle-besancon.ac-besancon.fr\/wp-content\/uploads\/sites\/15\/2020\/04\/BOUTON-CLIQUE-ICI-150x150.jpg\" width=\"101\" height=\"101\" \/><\/a>\u00a0 \u00a0 \u00a0 \u00a0 \u00a0 \u00a0<strong>EN PDF \u00a0<\/strong>\u00a0 \u00a0<\/span><a href=\"http:\/\/elem-granvelle-besancon.ac-besancon.fr\/wp-content\/uploads\/sites\/15\/2020\/04\/INSPECTEUR-LITOU-FICHE-5.pdf\" rel=\"attachment wp-att-4425\">I<img loading=\"lazy\" decoding=\"async\" class=\"\" src=\"http:\/\/elem-granvelle-besancon.ac-besancon.fr\/wp-content\/uploads\/sites\/15\/2020\/04\/BOUTON-CLIQUE-ICI-150x150.jpg\" width=\"99\" height=\"99\" \/><\/a><\/p>\n<p>&nbsp;<\/p>\n<h1><img loading=\"lazy\" decoding=\"async\" class=\"wp-image-4690 alignnone\" src=\"http:\/\/elem-granvelle-besancon.ac-besancon.fr\/wp-content\/uploads\/sites\/15\/2020\/04\/MATHEMATIQUES.jpg\" alt=\"\" width=\"204\" height=\"75\" \/><\/h1>\n<p><img loading=\"lazy\" decoding=\"async\" class=\"alignnone size-thumbnail wp-image-5430\" src=\"http:\/\/elem-granvelle-besancon.ac-besancon.fr\/wp-content\/uploads\/sites\/15\/2020\/04\/le-bateau-de-pirates-des-caraibes-150x150.jpg\" alt=\"\" width=\"150\" height=\"150\" \/><span style=\"color: #ff0000\"><strong> Tr\u00e9sor des Pirates 6<\/strong><\/span><\/p>\n<p><span style=\"color: #333333\"><em><strong>fiches 6 et 6 bis en PDF:<\/strong><\/em><\/span><\/p>\n<p><a href=\"http:\/\/elem-granvelle-besancon.ac-besancon.fr\/wp-content\/uploads\/sites\/15\/2020\/04\/TRESOR-DES-PIRATES-6.pdf\"><img loading=\"lazy\" decoding=\"async\" class=\"\" style=\"color: #333333;font-style: normal;font-weight: 300\" src=\"http:\/\/elem-granvelle-besancon.ac-besancon.fr\/wp-content\/uploads\/sites\/15\/2020\/04\/BOUTON-CLIQUE-ICI-150x150.jpg\" width=\"70\" height=\"70\" \/><\/a>\u00a0 \u00a0 \u00a0 \u00a0 \u00a0 \u00a0 \u00a0 \u00a0<a href=\"http:\/\/elem-granvelle-besancon.ac-besancon.fr\/wp-content\/uploads\/sites\/15\/2020\/04\/TRESOR-DES-PIRATES-6-BIS.pdf\"><img loading=\"lazy\" decoding=\"async\" class=\"alignnone wp-image-5238\" src=\"http:\/\/elem-granvelle-besancon.ac-besancon.fr\/wp-content\/uploads\/sites\/15\/2020\/04\/BOUTON-CLIQUE-ICI-150x150.jpg\" alt=\"\" width=\"71\" height=\"71\" \/><\/a><\/p>\n<hr \/>\n<p><img loading=\"lazy\" decoding=\"async\" class=\"alignnone wp-image-3955 \" src=\"http:\/\/elem-granvelle-besancon.ac-besancon.fr\/wp-content\/uploads\/sites\/15\/2020\/03\/ENGLISH-300x207.jpg\" alt=\"\" width=\"177\" height=\"124\" \/><\/p>\n<p><span style=\"color: #003366\"><em><strong>BLUE LIKE THE SEA:<\/strong><\/em><\/span><\/p>\n<audio class=\"wp-audio-shortcode\" id=\"audio-6008-1\" preload=\"none\" style=\"width: 100%;\" controls=\"controls\"><source type=\"audio\/mpeg\" src=\"http:\/\/elem-granvelle-besancon.ac-besancon.fr\/wp-content\/uploads\/sites\/15\/2020\/04\/08-Blue-Like-The-Sea.mp3?_=1\" \/><a href=\"http:\/\/elem-granvelle-besancon.ac-besancon.fr\/wp-content\/uploads\/sites\/15\/2020\/04\/08-Blue-Like-The-Sea.mp3\">http:\/\/elem-granvelle-besancon.ac-besancon.fr\/wp-content\/uploads\/sites\/15\/2020\/04\/08-Blue-Like-The-Sea.mp3<\/a><\/audio>\n<p><span style=\"color: #ff0000\"><strong><a style=\"color: #ff0000\" href=\"http:\/\/elem-granvelle-besancon.ac-besancon.fr\/wp-content\/uploads\/sites\/15\/2020\/04\/BLUE-LIKE-THE-SEA-CHANSON.pdf\">BLUE LIKE THE SEA Lyrics<\/a><\/strong><\/span><\/p>\n<p><span style=\"color: #339966\"><strong><a style=\"color: #339966\" href=\"http:\/\/elem-granvelle-besancon.ac-besancon.fr\/wp-content\/uploads\/sites\/15\/2020\/04\/BLUE-LIKE-THE-SEA-VOCABULAIRE.pdf\">BLUE LIKE THE SEA vocabulary<\/a><\/strong><\/span><\/p>\n<hr \/>\n<p><a href=\"http:\/\/elem-granvelle-besancon.ac-besancon.fr\/wp-content\/uploads\/sites\/15\/2020\/03\/ETIQUETTES-SCIENCES.jpg\" data-src=\"http:\/\/elem-granvelle-besancon.ac-besancon.fr\/wp-content\/uploads\/sites\/15\/2020\/03\/ETIQUETTES-SCIENCES.jpg\" data-thumb=\"http:\/\/elem-granvelle-besancon.ac-besancon.fr\/wp-content\/uploads\/sites\/15\/2020\/03\/ETIQUETTES-SCIENCES-300x175.jpg\" class=\"ml-lightbox-enabled\"><img loading=\"lazy\" decoding=\"async\" class=\"alignnone wp-image-4160 \" src=\"http:\/\/elem-granvelle-besancon.ac-besancon.fr\/wp-content\/uploads\/sites\/15\/2020\/03\/ETIQUETTES-SCIENCES-300x175.jpg\" alt=\"\" width=\"148\" height=\"89\" \/><\/a><\/p>\n<p><span style=\"color: #993300\"><strong>clique sur l&#8217;image pour regarder la vid\u00e9o:<\/strong><\/span><\/p>\n<p><a href=\"https:\/\/drive.google.com\/file\/d\/1o2g8zirXuosArykkuTTDbXz-kRaKqlMJ\/view?usp=sharing\"><img loading=\"lazy\" decoding=\"async\" class=\"alignnone size-medium wp-image-6187\" src=\"http:\/\/elem-granvelle-besancon.ac-besancon.fr\/wp-content\/uploads\/sites\/15\/2020\/04\/DECHETS-300x187.jpg\" alt=\"\" width=\"300\" height=\"187\" srcset=\"http:\/\/elem-granvelle-besancon.ac-besancon.fr\/wp-content\/uploads\/sites\/15\/2020\/04\/DECHETS-300x187.jpg 300w, http:\/\/elem-granvelle-besancon.ac-besancon.fr\/wp-content\/uploads\/sites\/15\/2020\/04\/DECHETS-1024x640.jpg 1024w, http:\/\/elem-granvelle-besancon.ac-besancon.fr\/wp-content\/uploads\/sites\/15\/2020\/04\/DECHETS-768x480.jpg 768w, http:\/\/elem-granvelle-besancon.ac-besancon.fr\/wp-content\/uploads\/sites\/15\/2020\/04\/DECHETS-1536x960.jpg 1536w, http:\/\/elem-granvelle-besancon.ac-besancon.fr\/wp-content\/uploads\/sites\/15\/2020\/04\/DECHETS-480x300.jpg 480w, http:\/\/elem-granvelle-besancon.ac-besancon.fr\/wp-content\/uploads\/sites\/15\/2020\/04\/DECHETS.jpg 1820w\" sizes=\"auto, (max-width: 300px) 100vw, 300px\" \/><\/a><\/p>\n<p><span style=\"color: #ff6600\"><strong>Questionnaire en PDF et en Word:<\/strong><\/span><\/p>\n<p>&nbsp;<\/p>\n<p><a href=\"http:\/\/elem-granvelle-besancon.ac-besancon.fr\/wp-content\/uploads\/sites\/15\/2020\/04\/Une_seconde_vie_pour_nos_poubelles.pdf\"><img loading=\"lazy\" decoding=\"async\" class=\"wp-image-5238 alignnone\" src=\"http:\/\/elem-granvelle-besancon.ac-besancon.fr\/wp-content\/uploads\/sites\/15\/2020\/04\/BOUTON-CLIQUE-ICI-150x150.jpg\" alt=\"\" width=\"71\" height=\"71\" \/><\/a>\u00a0 \u00a0 \u00a0 \u00a0 \u00a0 \u00a0 \u00a0 \u00a0 \u00a0 \u00a0 \u00a0 \u00a0 \u00a0 \u00a0 \u00a0 \u00a0 \u00a0 <a href=\"http:\/\/elem-granvelle-besancon.ac-besancon.fr\/wp-content\/uploads\/sites\/15\/2020\/04\/Une_seconde_vie_pour_nos_poubelles-converti.docx\"><img loading=\"lazy\" decoding=\"async\" class=\"\" src=\"http:\/\/elem-granvelle-besancon.ac-besancon.fr\/wp-content\/uploads\/sites\/15\/2020\/04\/BOUTON-CLIQUE-ICI-150x150.jpg\" width=\"77\" height=\"77\" \/> <\/a><\/p>\n<p><a href=\"http:\/\/elem-granvelle-besancon.ac-besancon.fr\/?attachment_id=3978\" rel=\"attachment wp-att-3978\"><img loading=\"lazy\" decoding=\"async\" class=\"alignleft wp-image-3978 size-medium\" src=\"http:\/\/elem-granvelle-besancon.ac-besancon.fr\/wp-content\/uploads\/sites\/15\/2020\/03\/ETIQUETTE-1-JOUR-1-QUESTIONE-300x96.jpg\" alt=\"\" width=\"300\" height=\"96\" srcset=\"http:\/\/elem-granvelle-besancon.ac-besancon.fr\/wp-content\/uploads\/sites\/15\/2020\/03\/ETIQUETTE-1-JOUR-1-QUESTIONE-300x96.jpg 300w, http:\/\/elem-granvelle-besancon.ac-besancon.fr\/wp-content\/uploads\/sites\/15\/2020\/03\/ETIQUETTE-1-JOUR-1-QUESTIONE-768x246.jpg 768w, http:\/\/elem-granvelle-besancon.ac-besancon.fr\/wp-content\/uploads\/sites\/15\/2020\/03\/ETIQUETTE-1-JOUR-1-QUESTIONE-500x160.jpg 500w, http:\/\/elem-granvelle-besancon.ac-besancon.fr\/wp-content\/uploads\/sites\/15\/2020\/03\/ETIQUETTE-1-JOUR-1-QUESTIONE.jpg 842w\" sizes=\"auto, (max-width: 300px) 100vw, 300px\" \/><\/a><\/p>\n<p>&nbsp;<\/p>\n<p>&nbsp;<\/p>\n<p>&nbsp;<\/p>\n<p><span style=\"color: #ff0000\"><em><strong><span style=\"color: #000080\">C&#8217;est qui le Douanier Rousseau?<\/span><span style=\"color: #ff0000\">\u00a0 \u00a0<\/span><\/strong><\/em><\/span><\/p>\n<p><span style=\"color: #ff0000\"><em><strong> <img loading=\"lazy\" decoding=\"async\" class=\"alignnone size-medium wp-image-6188\" src=\"http:\/\/elem-granvelle-besancon.ac-besancon.fr\/wp-content\/uploads\/sites\/15\/2020\/04\/DOUNIER-ROUSSEAU-300x150.png\" alt=\"\" width=\"300\" height=\"150\" srcset=\"http:\/\/elem-granvelle-besancon.ac-besancon.fr\/wp-content\/uploads\/sites\/15\/2020\/04\/DOUNIER-ROUSSEAU-300x150.png 300w, http:\/\/elem-granvelle-besancon.ac-besancon.fr\/wp-content\/uploads\/sites\/15\/2020\/04\/DOUNIER-ROUSSEAU-500x250.png 500w, http:\/\/elem-granvelle-besancon.ac-besancon.fr\/wp-content\/uploads\/sites\/15\/2020\/04\/DOUNIER-ROUSSEAU.png 680w\" sizes=\"auto, (max-width: 300px) 100vw, 300px\" \/><\/strong><\/em><\/span><\/p>\n<div style=\"width: 584px;\" class=\"wp-video\"><video class=\"wp-video-shortcode\" id=\"video-6008-3\" width=\"584\" height=\"328\" preload=\"metadata\" controls=\"controls\"><source type=\"video\/mp4\" src=\"http:\/\/elem-granvelle-besancon.ac-besancon.fr\/wp-content\/uploads\/sites\/15\/2020\/04\/Cest-qui-le-Douanier-Rousseau-1-jour-1-question.mp4?_=3\" \/><a href=\"http:\/\/elem-granvelle-besancon.ac-besancon.fr\/wp-content\/uploads\/sites\/15\/2020\/04\/Cest-qui-le-Douanier-Rousseau-1-jour-1-question.mp4\">http:\/\/elem-granvelle-besancon.ac-besancon.fr\/wp-content\/uploads\/sites\/15\/2020\/04\/Cest-qui-le-Douanier-Rousseau-1-jour-1-question.mp4<\/a><\/video><\/div>\n<hr \/>\n<p><a href=\"http:\/\/elem-granvelle-besancon.ac-besancon.fr\/wp-content\/uploads\/sites\/15\/2020\/03\/unnamed-1.jpg\" data-src=\"http:\/\/elem-granvelle-besancon.ac-besancon.fr\/wp-content\/uploads\/sites\/15\/2020\/03\/unnamed-1.jpg\" data-thumb=\"http:\/\/elem-granvelle-besancon.ac-besancon.fr\/wp-content\/uploads\/sites\/15\/2020\/03\/unnamed-1.jpg\" class=\"ml-lightbox-enabled\"><img loading=\"lazy\" decoding=\"async\" class=\"alignleft wp-image-3586 size-full\" src=\"http:\/\/elem-granvelle-besancon.ac-besancon.fr\/wp-content\/uploads\/sites\/15\/2020\/03\/unnamed-1.jpg\" alt=\"\" width=\"960\" height=\"150\" srcset=\"http:\/\/elem-granvelle-besancon.ac-besancon.fr\/wp-content\/uploads\/sites\/15\/2020\/03\/unnamed-1.jpg 960w, http:\/\/elem-granvelle-besancon.ac-besancon.fr\/wp-content\/uploads\/sites\/15\/2020\/03\/unnamed-1-300x47.jpg 300w, http:\/\/elem-granvelle-besancon.ac-besancon.fr\/wp-content\/uploads\/sites\/15\/2020\/03\/unnamed-1-768x120.jpg 768w, http:\/\/elem-granvelle-besancon.ac-besancon.fr\/wp-content\/uploads\/sites\/15\/2020\/03\/unnamed-1-500x78.jpg 500w\" sizes=\"auto, (max-width: 960px) 100vw, 960px\" \/><\/a><\/p>\n<hr \/>\n<p>&nbsp;<\/p>\n","protected":false},"excerpt":{"rendered":"<p>&nbsp; BONJOUR LES ENFANTS! J&#8217;esp\u00e8re que tout le monde va bien. Pour aujourd&#8217;hui: 1 citation \u00e0 colorier, de la lecture implicite avec l&#8217;inspecteur LITOU , le Tr\u00e9sor des Pirates 5 en math\u00e9matiques, une nouvelle chanson en anglais, des sciences avec &hellip; <a href=\"http:\/\/elem-granvelle-besancon.ac-besancon.fr\/?p=6008\">Continuer la lecture <span class=\"meta-nav\">&rarr;<\/span><\/a><\/p>\n","protected":false},"author":16,"featured_media":0,"comment_status":"closed","ping_status":"open","sticky":false,"template":"","format":"standard","meta":{"footnotes":""},"categories":[7],"tags":[],"class_list":["post-6008","post","type-post","status-publish","format-standard","hentry","category-classe-cm1"],"_links":{"self":[{"href":"http:\/\/elem-granvelle-besancon.ac-besancon.fr\/index.php?rest_route=\/wp\/v2\/posts\/6008","targetHints":{"allow":["GET"]}}],"collection":[{"href":"http:\/\/elem-granvelle-besancon.ac-besancon.fr\/index.php?rest_route=\/wp\/v2\/posts"}],"about":[{"href":"http:\/\/elem-granvelle-besancon.ac-besancon.fr\/index.php?rest_route=\/wp\/v2\/types\/post"}],"author":[{"embeddable":true,"href":"http:\/\/elem-granvelle-besancon.ac-besancon.fr\/index.php?rest_route=\/wp\/v2\/users\/16"}],"replies":[{"embeddable":true,"href":"http:\/\/elem-granvelle-besancon.ac-besancon.fr\/index.php?rest_route=%2Fwp%2Fv2%2Fcomments&post=6008"}],"version-history":[{"count":15,"href":"http:\/\/elem-granvelle-besancon.ac-besancon.fr\/index.php?rest_route=\/wp\/v2\/posts\/6008\/revisions"}],"predecessor-version":[{"id":6268,"href":"http:\/\/elem-granvelle-besancon.ac-besancon.fr\/index.php?rest_route=\/wp\/v2\/posts\/6008\/revisions\/6268"}],"wp:attachment":[{"href":"http:\/\/elem-granvelle-besancon.ac-besancon.fr\/index.php?rest_route=%2Fwp%2Fv2%2Fmedia&parent=6008"}],"wp:term":[{"taxonomy":"category","embeddable":true,"href":"http:\/\/elem-granvelle-besancon.ac-besancon.fr\/index.php?rest_route=%2Fwp%2Fv2%2Fcategories&post=6008"},{"taxonomy":"post_tag","embeddable":true,"href":"http:\/\/elem-granvelle-besancon.ac-besancon.fr\/index.php?rest_route=%2Fwp%2Fv2%2Ftags&post=6008"}],"curies":[{"name":"wp","href":"https:\/\/api.w.org\/{rel}","templated":true}]}}