{"id":6034,"date":"2020-04-14T11:49:30","date_gmt":"2020-04-14T09:49:30","guid":{"rendered":"http:\/\/elem-granvelle-besancon.ac-besancon.fr\/?p=6034"},"modified":"2020-04-14T11:51:50","modified_gmt":"2020-04-14T09:51:50","slug":"parcours-scolaire-ecole-granvelle","status":"publish","type":"post","link":"http:\/\/elem-granvelle-besancon.ac-besancon.fr\/?p=6034","title":{"rendered":"PARCOURS SCOLAIRE ECOLE GRANVELLE"},"content":{"rendered":"<p><span style=\"color: #808000\"><strong>Madame, Monsieur,<\/strong><\/span><\/p>\n<p><span style=\"color: #800000\"><strong>Les propositions pour les passages scolaires en 2020-2021 seront, cette ann\u00e9e, exceptionnellement\u00a0 communiqu\u00e9es par courriel \u00e0 partir du vendredi 17 avril.<\/strong><\/span><\/p>\n<p><span style=\"color: #008000\"><strong>Les d\u00e9cisions d\u00e9finitives seront communiqu\u00e9es au mois de mai.\u00a0<\/strong><\/span><\/p>\n<p><span style=\"color: #008000\"><strong>Recevez nos cordiales salutations.<\/strong><\/span><\/p>\n<p><span style=\"color: #008000\"><strong>Thierry Bertrand\u00a0<\/strong><\/span><\/p>\n","protected":false},"excerpt":{"rendered":"<p>Madame, Monsieur, Les propositions pour les passages scolaires en 2020-2021 seront, cette ann\u00e9e, exceptionnellement\u00a0 communiqu\u00e9es par courriel \u00e0 partir du vendredi 17 avril. Les d\u00e9cisions d\u00e9finitives seront communiqu\u00e9es au mois de mai.\u00a0 Recevez nos cordiales salutations. Thierry Bertrand\u00a0<\/p>\n","protected":false},"author":16,"featured_media":0,"comment_status":"closed","ping_status":"open","sticky":false,"template":"","format":"standard","meta":{"footnotes":""},"categories":[2,3,16,4],"tags":[],"class_list":["post-6034","post","type-post","status-publish","format-standard","hentry","category-infos-parents","category-les-classes","category-representants-des-parents-d-eleves","category-vie-de-l-ecole"],"_links":{"self":[{"href":"http:\/\/elem-granvelle-besancon.ac-besancon.fr\/index.php?rest_route=\/wp\/v2\/posts\/6034","targetHints":{"allow":["GET"]}}],"collection":[{"href":"http:\/\/elem-granvelle-besancon.ac-besancon.fr\/index.php?rest_route=\/wp\/v2\/posts"}],"about":[{"href":"http:\/\/elem-granvelle-besancon.ac-besancon.fr\/index.php?rest_route=\/wp\/v2\/types\/post"}],"author":[{"embeddable":true,"href":"http:\/\/elem-granvelle-besancon.ac-besancon.fr\/index.php?rest_route=\/wp\/v2\/users\/16"}],"replies":[{"embeddable":true,"href":"http:\/\/elem-granvelle-besancon.ac-besancon.fr\/index.php?rest_route=%2Fwp%2Fv2%2Fcomments&post=6034"}],"version-history":[{"count":1,"href":"http:\/\/elem-granvelle-besancon.ac-besancon.fr\/index.php?rest_route=\/wp\/v2\/posts\/6034\/revisions"}],"predecessor-version":[{"id":6038,"href":"http:\/\/elem-granvelle-besancon.ac-besancon.fr\/index.php?rest_route=\/wp\/v2\/posts\/6034\/revisions\/6038"}],"wp:attachment":[{"href":"http:\/\/elem-granvelle-besancon.ac-besancon.fr\/index.php?rest_route=%2Fwp%2Fv2%2Fmedia&parent=6034"}],"wp:term":[{"taxonomy":"category","embeddable":true,"href":"http:\/\/elem-granvelle-besancon.ac-besancon.fr\/index.php?rest_route=%2Fwp%2Fv2%2Fcategories&post=6034"},{"taxonomy":"post_tag","embeddable":true,"href":"http:\/\/elem-granvelle-besancon.ac-besancon.fr\/index.php?rest_route=%2Fwp%2Fv2%2Ftags&post=6034"}],"curies":[{"name":"wp","href":"https:\/\/api.w.org\/{rel}","templated":true}]}}