{"id":6113,"date":"2020-04-14T17:44:14","date_gmt":"2020-04-14T15:44:14","guid":{"rendered":"http:\/\/elem-granvelle-besancon.ac-besancon.fr\/?p=6113"},"modified":"2020-04-16T11:42:39","modified_gmt":"2020-04-16T09:42:39","slug":"on-plante-toujours-et-ca-pousse-toujours-%f0%9f%8c%b1","status":"publish","type":"post","link":"http:\/\/elem-granvelle-besancon.ac-besancon.fr\/?p=6113","title":{"rendered":"On plante toujours&#8230; et \u00e7a pousse toujours ?"},"content":{"rendered":"<p>En venant un matin, les graines germ\u00e9es ne sentaient pas du tout bon. Certaines graines avaient moisi&#8230; Alors, j\u2019ai mis les lentilles, qui ne sont plus des graines, elles sont devenues des plantes, dans un pot avec de la terre. J\u2019en ai profit\u00e9 pour planter d\u2019autres graines : haricots rouges et blancs, graines de basilic, concombres ! Et d\u2019autres dans la classe ont eu la m\u00eame id\u00e9e ?! Aaron a plant\u00e9 des graines de butternut et de melon ! Le jardin de graines de Joana est magnifique, il a mieux r\u00e9sist\u00e9 que celui de la classe ! Bravo \u00e0 tous les apprentis jardiniers !<\/p>\n<p><img loading=\"lazy\" decoding=\"async\" class=\"aligncenter size-full wp-image-6312\" src=\"http:\/\/elem-granvelle-besancon.ac-besancon.fr\/wp-content\/uploads\/sites\/15\/2020\/04\/plantation-du-haricot.jpg\" alt=\"\" width=\"489\" height=\"514\" srcset=\"http:\/\/elem-granvelle-besancon.ac-besancon.fr\/wp-content\/uploads\/sites\/15\/2020\/04\/plantation-du-haricot.jpg 489w, http:\/\/elem-granvelle-besancon.ac-besancon.fr\/wp-content\/uploads\/sites\/15\/2020\/04\/plantation-du-haricot-285x300.jpg 285w\" sizes=\"auto, (max-width: 489px) 100vw, 489px\" \/><\/p>\n<p><img loading=\"lazy\" decoding=\"async\" class=\"aligncenter size-full wp-image-6116\" src=\"http:\/\/elem-granvelle-besancon.ac-besancon.fr\/wp-content\/uploads\/sites\/15\/2020\/04\/5CB19B69-7A12-4F5E-918F-2A79C69961D4-scaled.jpeg\" alt=\"\" width=\"2560\" height=\"1920\" srcset=\"http:\/\/elem-granvelle-besancon.ac-besancon.fr\/wp-content\/uploads\/sites\/15\/2020\/04\/5CB19B69-7A12-4F5E-918F-2A79C69961D4-scaled.jpeg 2560w, http:\/\/elem-granvelle-besancon.ac-besancon.fr\/wp-content\/uploads\/sites\/15\/2020\/04\/5CB19B69-7A12-4F5E-918F-2A79C69961D4-300x225.jpeg 300w, http:\/\/elem-granvelle-besancon.ac-besancon.fr\/wp-content\/uploads\/sites\/15\/2020\/04\/5CB19B69-7A12-4F5E-918F-2A79C69961D4-1024x768.jpeg 1024w, http:\/\/elem-granvelle-besancon.ac-besancon.fr\/wp-content\/uploads\/sites\/15\/2020\/04\/5CB19B69-7A12-4F5E-918F-2A79C69961D4-768x576.jpeg 768w, http:\/\/elem-granvelle-besancon.ac-besancon.fr\/wp-content\/uploads\/sites\/15\/2020\/04\/5CB19B69-7A12-4F5E-918F-2A79C69961D4-1536x1152.jpeg 1536w, http:\/\/elem-granvelle-besancon.ac-besancon.fr\/wp-content\/uploads\/sites\/15\/2020\/04\/5CB19B69-7A12-4F5E-918F-2A79C69961D4-2048x1536.jpeg 2048w, http:\/\/elem-granvelle-besancon.ac-besancon.fr\/wp-content\/uploads\/sites\/15\/2020\/04\/5CB19B69-7A12-4F5E-918F-2A79C69961D4-400x300.jpeg 400w\" sizes=\"auto, (max-width: 2560px) 100vw, 2560px\" \/><\/p>\n<p><img loading=\"lazy\" decoding=\"async\" class=\"aligncenter size-full wp-image-6115\" src=\"http:\/\/elem-granvelle-besancon.ac-besancon.fr\/wp-content\/uploads\/sites\/15\/2020\/04\/D3AFDFC3-46DA-416F-8D4D-E4F73451DC43-scaled.jpeg\" alt=\"\" width=\"2560\" height=\"1920\" srcset=\"http:\/\/elem-granvelle-besancon.ac-besancon.fr\/wp-content\/uploads\/sites\/15\/2020\/04\/D3AFDFC3-46DA-416F-8D4D-E4F73451DC43-scaled.jpeg 2560w, http:\/\/elem-granvelle-besancon.ac-besancon.fr\/wp-content\/uploads\/sites\/15\/2020\/04\/D3AFDFC3-46DA-416F-8D4D-E4F73451DC43-300x225.jpeg 300w, http:\/\/elem-granvelle-besancon.ac-besancon.fr\/wp-content\/uploads\/sites\/15\/2020\/04\/D3AFDFC3-46DA-416F-8D4D-E4F73451DC43-1024x768.jpeg 1024w, http:\/\/elem-granvelle-besancon.ac-besancon.fr\/wp-content\/uploads\/sites\/15\/2020\/04\/D3AFDFC3-46DA-416F-8D4D-E4F73451DC43-768x576.jpeg 768w, http:\/\/elem-granvelle-besancon.ac-besancon.fr\/wp-content\/uploads\/sites\/15\/2020\/04\/D3AFDFC3-46DA-416F-8D4D-E4F73451DC43-1536x1152.jpeg 1536w, http:\/\/elem-granvelle-besancon.ac-besancon.fr\/wp-content\/uploads\/sites\/15\/2020\/04\/D3AFDFC3-46DA-416F-8D4D-E4F73451DC43-2048x1536.jpeg 2048w, http:\/\/elem-granvelle-besancon.ac-besancon.fr\/wp-content\/uploads\/sites\/15\/2020\/04\/D3AFDFC3-46DA-416F-8D4D-E4F73451DC43-400x300.jpeg 400w\" sizes=\"auto, (max-width: 2560px) 100vw, 2560px\" \/><\/p>\n<p><img loading=\"lazy\" decoding=\"async\" class=\"aligncenter size-full wp-image-6117\" src=\"http:\/\/elem-granvelle-besancon.ac-besancon.fr\/wp-content\/uploads\/sites\/15\/2020\/04\/A36F2CEF-8657-443E-9A4E-2EA4BC36231F.jpeg\" alt=\"\" width=\"1575\" height=\"2100\" srcset=\"http:\/\/elem-granvelle-besancon.ac-besancon.fr\/wp-content\/uploads\/sites\/15\/2020\/04\/A36F2CEF-8657-443E-9A4E-2EA4BC36231F.jpeg 1575w, http:\/\/elem-granvelle-besancon.ac-besancon.fr\/wp-content\/uploads\/sites\/15\/2020\/04\/A36F2CEF-8657-443E-9A4E-2EA4BC36231F-225x300.jpeg 225w, http:\/\/elem-granvelle-besancon.ac-besancon.fr\/wp-content\/uploads\/sites\/15\/2020\/04\/A36F2CEF-8657-443E-9A4E-2EA4BC36231F-768x1024.jpeg 768w, http:\/\/elem-granvelle-besancon.ac-besancon.fr\/wp-content\/uploads\/sites\/15\/2020\/04\/A36F2CEF-8657-443E-9A4E-2EA4BC36231F-1152x1536.jpeg 1152w, http:\/\/elem-granvelle-besancon.ac-besancon.fr\/wp-content\/uploads\/sites\/15\/2020\/04\/A36F2CEF-8657-443E-9A4E-2EA4BC36231F-1536x2048.jpeg 1536w\" sizes=\"auto, (max-width: 1575px) 100vw, 1575px\" \/> <img loading=\"lazy\" decoding=\"async\" class=\"aligncenter size-full wp-image-6118\" src=\"http:\/\/elem-granvelle-besancon.ac-besancon.fr\/wp-content\/uploads\/sites\/15\/2020\/04\/03CFB23D-DEB0-4B62-9773-00526696C027.jpeg\" alt=\"\" width=\"809\" height=\"547\" srcset=\"http:\/\/elem-granvelle-besancon.ac-besancon.fr\/wp-content\/uploads\/sites\/15\/2020\/04\/03CFB23D-DEB0-4B62-9773-00526696C027.jpeg 809w, http:\/\/elem-granvelle-besancon.ac-besancon.fr\/wp-content\/uploads\/sites\/15\/2020\/04\/03CFB23D-DEB0-4B62-9773-00526696C027-300x203.jpeg 300w, http:\/\/elem-granvelle-besancon.ac-besancon.fr\/wp-content\/uploads\/sites\/15\/2020\/04\/03CFB23D-DEB0-4B62-9773-00526696C027-768x519.jpeg 768w, http:\/\/elem-granvelle-besancon.ac-besancon.fr\/wp-content\/uploads\/sites\/15\/2020\/04\/03CFB23D-DEB0-4B62-9773-00526696C027-444x300.jpeg 444w\" sizes=\"auto, (max-width: 809px) 100vw, 809px\" \/><\/p>\n","protected":false},"excerpt":{"rendered":"<p>En venant un matin, les graines germ\u00e9es ne sentaient pas du tout bon. Certaines graines avaient moisi&#8230; Alors, j\u2019ai mis les lentilles, qui ne sont plus des graines, elles sont devenues des plantes, dans un pot avec de la terre. &hellip; <a href=\"http:\/\/elem-granvelle-besancon.ac-besancon.fr\/?p=6113\">Continuer la lecture <span class=\"meta-nav\">&rarr;<\/span><\/a><\/p>\n","protected":false},"author":16,"featured_media":0,"comment_status":"closed","ping_status":"open","sticky":false,"template":"","format":"standard","meta":{"footnotes":""},"categories":[6],"tags":[],"class_list":["post-6113","post","type-post","status-publish","format-standard","hentry","category-classe-ce1"],"_links":{"self":[{"href":"http:\/\/elem-granvelle-besancon.ac-besancon.fr\/index.php?rest_route=\/wp\/v2\/posts\/6113","targetHints":{"allow":["GET"]}}],"collection":[{"href":"http:\/\/elem-granvelle-besancon.ac-besancon.fr\/index.php?rest_route=\/wp\/v2\/posts"}],"about":[{"href":"http:\/\/elem-granvelle-besancon.ac-besancon.fr\/index.php?rest_route=\/wp\/v2\/types\/post"}],"author":[{"embeddable":true,"href":"http:\/\/elem-granvelle-besancon.ac-besancon.fr\/index.php?rest_route=\/wp\/v2\/users\/16"}],"replies":[{"embeddable":true,"href":"http:\/\/elem-granvelle-besancon.ac-besancon.fr\/index.php?rest_route=%2Fwp%2Fv2%2Fcomments&post=6113"}],"version-history":[{"count":6,"href":"http:\/\/elem-granvelle-besancon.ac-besancon.fr\/index.php?rest_route=\/wp\/v2\/posts\/6113\/revisions"}],"predecessor-version":[{"id":6494,"href":"http:\/\/elem-granvelle-besancon.ac-besancon.fr\/index.php?rest_route=\/wp\/v2\/posts\/6113\/revisions\/6494"}],"wp:attachment":[{"href":"http:\/\/elem-granvelle-besancon.ac-besancon.fr\/index.php?rest_route=%2Fwp%2Fv2%2Fmedia&parent=6113"}],"wp:term":[{"taxonomy":"category","embeddable":true,"href":"http:\/\/elem-granvelle-besancon.ac-besancon.fr\/index.php?rest_route=%2Fwp%2Fv2%2Fcategories&post=6113"},{"taxonomy":"post_tag","embeddable":true,"href":"http:\/\/elem-granvelle-besancon.ac-besancon.fr\/index.php?rest_route=%2Fwp%2Fv2%2Ftags&post=6113"}],"curies":[{"name":"wp","href":"https:\/\/api.w.org\/{rel}","templated":true}]}}