{"id":6151,"date":"2020-04-15T01:20:49","date_gmt":"2020-04-14T23:20:49","guid":{"rendered":"http:\/\/elem-granvelle-besancon.ac-besancon.fr\/?p=6151"},"modified":"2020-04-15T01:21:15","modified_gmt":"2020-04-14T23:21:15","slug":"mercredi-15-avril-recreation-cp","status":"publish","type":"post","link":"http:\/\/elem-granvelle-besancon.ac-besancon.fr\/?p=6151","title":{"rendered":"MERCREDI 15 AVRIL r\u00e9cr\u00e9ation CP"},"content":{"rendered":"<p><strong><span style=\"color: #000000\">Voici pour commencer une nouvelle devinette o\u00f9 il te faudra \u00e0 nouveau retrouver le ma\u00eetre quand il \u00e9tait lui aussi au CP !<\/span><\/strong><\/p>\n<p><img loading=\"lazy\" decoding=\"async\" class=\"aligncenter size-full wp-image-6160\" src=\"http:\/\/elem-granvelle-besancon.ac-besancon.fr\/wp-content\/uploads\/sites\/15\/2020\/04\/Screenshot_20200415-000903_Gallery-1.jpg\" alt=\"\" width=\"1080\" height=\"816\" srcset=\"http:\/\/elem-granvelle-besancon.ac-besancon.fr\/wp-content\/uploads\/sites\/15\/2020\/04\/Screenshot_20200415-000903_Gallery-1.jpg 1080w, http:\/\/elem-granvelle-besancon.ac-besancon.fr\/wp-content\/uploads\/sites\/15\/2020\/04\/Screenshot_20200415-000903_Gallery-1-300x227.jpg 300w, http:\/\/elem-granvelle-besancon.ac-besancon.fr\/wp-content\/uploads\/sites\/15\/2020\/04\/Screenshot_20200415-000903_Gallery-1-1024x774.jpg 1024w, http:\/\/elem-granvelle-besancon.ac-besancon.fr\/wp-content\/uploads\/sites\/15\/2020\/04\/Screenshot_20200415-000903_Gallery-1-768x580.jpg 768w, http:\/\/elem-granvelle-besancon.ac-besancon.fr\/wp-content\/uploads\/sites\/15\/2020\/04\/Screenshot_20200415-000903_Gallery-1-397x300.jpg 397w\" sizes=\"auto, (max-width: 1080px) 100vw, 1080px\" \/><\/p>\n<p>&nbsp;<\/p>\n<p><span style=\"color: #000000\"><strong>Voici aussi 3 nouvelles CHANSONS de la CHORALE ! Tu veux <span style=\"color: #ff0000\">CHANTER<\/span> ou simplement <span style=\"color: #ff6600\">ECOUTER<\/span> &#8230;<\/strong><\/span><\/p>\n<p><span style=\"color: #000000\"><strong>THOMAS FERSEN et sa CHAUVE-SOURIS, si tu veux les paroles, clique sur l&#8217;image de THOMAS FERSEN<\/strong><\/span><\/p>\n<p><a href=\"http:\/\/elem-granvelle-besancon.ac-besancon.fr\/wp-content\/uploads\/sites\/15\/2020\/04\/PAROLES-de-la-CHAUVE-SOURIS.pdf\"><img loading=\"lazy\" decoding=\"async\" class=\"aligncenter size-full wp-image-6152\" src=\"http:\/\/elem-granvelle-besancon.ac-besancon.fr\/wp-content\/uploads\/sites\/15\/2020\/04\/thomas-FERSEN.jpg\" alt=\"\" width=\"223\" height=\"226\" \/><\/a><\/p>\n<audio class=\"wp-audio-shortcode\" id=\"audio-6151-1\" preload=\"none\" style=\"width: 100%;\" controls=\"controls\"><source type=\"audio\/mpeg\" src=\"http:\/\/elem-granvelle-besancon.ac-besancon.fr\/wp-content\/uploads\/sites\/15\/2020\/02\/Thomas-Fersen-La-chauve-souris.mp3?_=1\" \/><a href=\"http:\/\/elem-granvelle-besancon.ac-besancon.fr\/wp-content\/uploads\/sites\/15\/2020\/02\/Thomas-Fersen-La-chauve-souris.mp3\">http:\/\/elem-granvelle-besancon.ac-besancon.fr\/wp-content\/uploads\/sites\/15\/2020\/02\/Thomas-Fersen-La-chauve-souris.mp3<\/a><\/audio>\n<p>&nbsp;<\/p>\n<p><span style=\"color: #000000\"><strong>L&#8217;Aventurier par le groupe INDOCHINE, si tu veux les paroles, clique sur l&#8217;image du groupe<\/strong><\/span><\/p>\n<p><a href=\"http:\/\/elem-granvelle-besancon.ac-besancon.fr\/wp-content\/uploads\/sites\/15\/2020\/04\/PAROLES-Laventurier.pdf\"><img loading=\"lazy\" decoding=\"async\" class=\"aligncenter size-full wp-image-6155\" src=\"http:\/\/elem-granvelle-besancon.ac-besancon.fr\/wp-content\/uploads\/sites\/15\/2020\/04\/LAVENTURIER-INDOCHINE.jpg\" alt=\"\" width=\"225\" height=\"225\" srcset=\"http:\/\/elem-granvelle-besancon.ac-besancon.fr\/wp-content\/uploads\/sites\/15\/2020\/04\/LAVENTURIER-INDOCHINE.jpg 225w, http:\/\/elem-granvelle-besancon.ac-besancon.fr\/wp-content\/uploads\/sites\/15\/2020\/04\/LAVENTURIER-INDOCHINE-150x150.jpg 150w\" sizes=\"auto, (max-width: 225px) 100vw, 225px\" \/><\/a><\/p>\n<audio class=\"wp-audio-shortcode\" id=\"audio-6151-2\" preload=\"none\" style=\"width: 100%;\" controls=\"controls\"><source type=\"audio\/mpeg\" src=\"http:\/\/elem-granvelle-besancon.ac-besancon.fr\/wp-content\/uploads\/sites\/15\/2020\/02\/Indochine-L-aventurier-Clip-officiel.mp3?_=2\" \/><a href=\"http:\/\/elem-granvelle-besancon.ac-besancon.fr\/wp-content\/uploads\/sites\/15\/2020\/02\/Indochine-L-aventurier-Clip-officiel.mp3\">http:\/\/elem-granvelle-besancon.ac-besancon.fr\/wp-content\/uploads\/sites\/15\/2020\/02\/Indochine-L-aventurier-Clip-officiel.mp3<\/a><\/audio>\n<p>&nbsp;<\/p>\n<p><strong><span style=\"color: #000000\">\u00a0et Ulysse par Ridan, clique sur une image\u00a0 du clip si tu veux voir les accords et les paroles<\/span><\/strong><\/p>\n<p><a href=\"http:\/\/elem-granvelle-besancon.ac-besancon.fr\/wp-content\/uploads\/sites\/15\/2020\/04\/PAROLES-Ulysse_Ridan_accords.pdf\"><img loading=\"lazy\" decoding=\"async\" class=\"aligncenter size-full wp-image-6157\" src=\"http:\/\/elem-granvelle-besancon.ac-besancon.fr\/wp-content\/uploads\/sites\/15\/2020\/04\/RIDAN-ULYSSE.jpg\" alt=\"\" width=\"300\" height=\"168\" \/><\/a><\/p>\n<audio class=\"wp-audio-shortcode\" id=\"audio-6151-3\" preload=\"none\" style=\"width: 100%;\" controls=\"controls\"><source type=\"audio\/mpeg\" src=\"http:\/\/elem-granvelle-besancon.ac-besancon.fr\/wp-content\/uploads\/sites\/15\/2020\/02\/ridan-ulysse-clip-officiel-mono.mp3?_=3\" \/><a href=\"http:\/\/elem-granvelle-besancon.ac-besancon.fr\/wp-content\/uploads\/sites\/15\/2020\/02\/ridan-ulysse-clip-officiel-mono.mp3\">http:\/\/elem-granvelle-besancon.ac-besancon.fr\/wp-content\/uploads\/sites\/15\/2020\/02\/ridan-ulysse-clip-officiel-mono.mp3<\/a><\/audio>\n<p>&nbsp;<\/p>\n<p><strong><span style=\"color: #000000\">Pour terminer voici une production plastique de Marina \u00e0 partir des documents de <span style=\"color: #ff6600\">JACE<\/span> propos\u00e9s sur le<span style=\"color: #ff0000\"> blog CP<\/span> ce week-end si tu veux toi aussi t&#8217;amuser avec ce street artiste et m&#8217;enoyer ta production.<\/span><\/strong><\/p>\n<p><img loading=\"lazy\" decoding=\"async\" class=\"aligncenter size-full wp-image-6163\" src=\"http:\/\/elem-granvelle-besancon.ac-besancon.fr\/wp-content\/uploads\/sites\/15\/2020\/04\/Document_20200411_0001.jpg\" alt=\"\" width=\"1654\" height=\"2338\" srcset=\"http:\/\/elem-granvelle-besancon.ac-besancon.fr\/wp-content\/uploads\/sites\/15\/2020\/04\/Document_20200411_0001.jpg 1654w, http:\/\/elem-granvelle-besancon.ac-besancon.fr\/wp-content\/uploads\/sites\/15\/2020\/04\/Document_20200411_0001-212x300.jpg 212w, http:\/\/elem-granvelle-besancon.ac-besancon.fr\/wp-content\/uploads\/sites\/15\/2020\/04\/Document_20200411_0001-724x1024.jpg 724w, http:\/\/elem-granvelle-besancon.ac-besancon.fr\/wp-content\/uploads\/sites\/15\/2020\/04\/Document_20200411_0001-768x1086.jpg 768w, http:\/\/elem-granvelle-besancon.ac-besancon.fr\/wp-content\/uploads\/sites\/15\/2020\/04\/Document_20200411_0001-1087x1536.jpg 1087w, http:\/\/elem-granvelle-besancon.ac-besancon.fr\/wp-content\/uploads\/sites\/15\/2020\/04\/Document_20200411_0001-1449x2048.jpg 1449w\" sizes=\"auto, (max-width: 1654px) 100vw, 1654px\" \/><\/p>\n<p><strong><span style=\"color: #000000\">et surtout \u2026.<\/span><\/strong><\/p>\n<p><img loading=\"lazy\" decoding=\"async\" class=\"aligncenter size-full wp-image-6166\" src=\"http:\/\/elem-granvelle-besancon.ac-besancon.fr\/wp-content\/uploads\/sites\/15\/2020\/04\/merci-1.jpg\" alt=\"\" width=\"750\" height=\"420\" srcset=\"http:\/\/elem-granvelle-besancon.ac-besancon.fr\/wp-content\/uploads\/sites\/15\/2020\/04\/merci-1.jpg 750w, http:\/\/elem-granvelle-besancon.ac-besancon.fr\/wp-content\/uploads\/sites\/15\/2020\/04\/merci-1-300x168.jpg 300w, http:\/\/elem-granvelle-besancon.ac-besancon.fr\/wp-content\/uploads\/sites\/15\/2020\/04\/merci-1-500x280.jpg 500w\" sizes=\"auto, (max-width: 750px) 100vw, 750px\" \/><\/p>\n","protected":false},"excerpt":{"rendered":"<p>Voici pour commencer une nouvelle devinette o\u00f9 il te faudra \u00e0 nouveau retrouver le ma\u00eetre quand il \u00e9tait lui aussi au CP ! &nbsp; Voici aussi 3 nouvelles CHANSONS de la CHORALE ! Tu veux CHANTER ou simplement ECOUTER &#8230; &hellip; <a href=\"http:\/\/elem-granvelle-besancon.ac-besancon.fr\/?p=6151\">Continuer la lecture <span class=\"meta-nav\">&rarr;<\/span><\/a><\/p>\n","protected":false},"author":16,"featured_media":0,"comment_status":"closed","ping_status":"open","sticky":false,"template":"","format":"standard","meta":{"footnotes":""},"categories":[5],"tags":[],"class_list":["post-6151","post","type-post","status-publish","format-standard","hentry","category-classe-cp"],"_links":{"self":[{"href":"http:\/\/elem-granvelle-besancon.ac-besancon.fr\/index.php?rest_route=\/wp\/v2\/posts\/6151","targetHints":{"allow":["GET"]}}],"collection":[{"href":"http:\/\/elem-granvelle-besancon.ac-besancon.fr\/index.php?rest_route=\/wp\/v2\/posts"}],"about":[{"href":"http:\/\/elem-granvelle-besancon.ac-besancon.fr\/index.php?rest_route=\/wp\/v2\/types\/post"}],"author":[{"embeddable":true,"href":"http:\/\/elem-granvelle-besancon.ac-besancon.fr\/index.php?rest_route=\/wp\/v2\/users\/16"}],"replies":[{"embeddable":true,"href":"http:\/\/elem-granvelle-besancon.ac-besancon.fr\/index.php?rest_route=%2Fwp%2Fv2%2Fcomments&post=6151"}],"version-history":[{"count":3,"href":"http:\/\/elem-granvelle-besancon.ac-besancon.fr\/index.php?rest_route=\/wp\/v2\/posts\/6151\/revisions"}],"predecessor-version":[{"id":6167,"href":"http:\/\/elem-granvelle-besancon.ac-besancon.fr\/index.php?rest_route=\/wp\/v2\/posts\/6151\/revisions\/6167"}],"wp:attachment":[{"href":"http:\/\/elem-granvelle-besancon.ac-besancon.fr\/index.php?rest_route=%2Fwp%2Fv2%2Fmedia&parent=6151"}],"wp:term":[{"taxonomy":"category","embeddable":true,"href":"http:\/\/elem-granvelle-besancon.ac-besancon.fr\/index.php?rest_route=%2Fwp%2Fv2%2Fcategories&post=6151"},{"taxonomy":"post_tag","embeddable":true,"href":"http:\/\/elem-granvelle-besancon.ac-besancon.fr\/index.php?rest_route=%2Fwp%2Fv2%2Ftags&post=6151"}],"curies":[{"name":"wp","href":"https:\/\/api.w.org\/{rel}","templated":true}]}}