{"id":6285,"date":"2020-04-16T11:31:46","date_gmt":"2020-04-16T09:31:46","guid":{"rendered":"http:\/\/elem-granvelle-besancon.ac-besancon.fr\/?p=6285"},"modified":"2020-04-18T17:49:49","modified_gmt":"2020-04-18T15:49:49","slug":"poursuite-scolarite","status":"publish","type":"post","link":"http:\/\/elem-granvelle-besancon.ac-besancon.fr\/?p=6285","title":{"rendered":"POURSUITE SCOLARITE"},"content":{"rendered":"<p><strong><span style=\"color: #000000\">BONJOUR<\/span><\/strong><\/p>\n<p><strong><span style=\"color: #000000\">Veuillez trouver ci-joint la fiche concernant la proposition sur la poursuite de la scolarit\u00e9 de votre enfant. Cette fiche est \u00e0 remplir et \u00e0 me faire parvenir par mail (bertrand.hardy@ecoles.grandbesancon.fr), sms ou WhatsApp, remplie et sign\u00e9e avant le 02\/05\/2020, svp. Merci.<\/span><\/strong><\/p>\n<p><a href=\"http:\/\/elem-granvelle-besancon.ac-besancon.fr\/wp-content\/uploads\/sites\/15\/2020\/04\/AKSEL-.pdf\">AKSEL-<\/a> \u00a0 \u00a0\u00a0 <a href=\"http:\/\/elem-granvelle-besancon.ac-besancon.fr\/wp-content\/uploads\/sites\/15\/2020\/04\/ALBANE-.pdf\">ALBANE-<\/a> \u00a0 \u00a0 \u00a0<a href=\"http:\/\/elem-granvelle-besancon.ac-besancon.fr\/wp-content\/uploads\/sites\/15\/2020\/04\/AMINTHE-.pdf\">AMINTHE-<\/a> \u00a0 \u00a0\u00a0 <a href=\"http:\/\/elem-granvelle-besancon.ac-besancon.fr\/wp-content\/uploads\/sites\/15\/2020\/04\/ARTHUR-.pdf\">ARTHUR-<\/a> \u00a0 \u00a0\u00a0 <a href=\"http:\/\/elem-granvelle-besancon.ac-besancon.fr\/wp-content\/uploads\/sites\/15\/2020\/04\/CASSANDRE-.pdf\">CASSANDRE-<\/a><\/p>\n<p><a href=\"http:\/\/elem-granvelle-besancon.ac-besancon.fr\/wp-content\/uploads\/sites\/15\/2020\/04\/CHARLIE-.pdf\">CHARLIE-<\/a> \u00a0 \u00a0\u00a0 <a href=\"http:\/\/elem-granvelle-besancon.ac-besancon.fr\/wp-content\/uploads\/sites\/15\/2020\/04\/DORIAN-.pdf\">DORIAN-<\/a> \u00a0 \u00a0\u00a0 <a href=\"http:\/\/elem-granvelle-besancon.ac-besancon.fr\/wp-content\/uploads\/sites\/15\/2020\/04\/EDEN-.pdf\">EDEN-<\/a> \u00a0 \u00a0\u00a0 <a href=\"http:\/\/elem-granvelle-besancon.ac-besancon.fr\/wp-content\/uploads\/sites\/15\/2020\/04\/ENZO-.pdf\">ENZO-<\/a> \u00a0 \u00a0\u00a0 <a href=\"http:\/\/elem-granvelle-besancon.ac-besancon.fr\/wp-content\/uploads\/sites\/15\/2020\/04\/ESTEBAN-.pdf\">ESTEBAN-<\/a> \u00a0 \u00a0\u00a0 <a href=\"http:\/\/elem-granvelle-besancon.ac-besancon.fr\/wp-content\/uploads\/sites\/15\/2020\/04\/LILI-.pdf\">LILI-<\/a><\/p>\n<p><a href=\"http:\/\/elem-granvelle-besancon.ac-besancon.fr\/wp-content\/uploads\/sites\/15\/2020\/04\/LISA-.pdf\">LISA-<\/a> \u00a0 \u00a0\u00a0 <a href=\"http:\/\/elem-granvelle-besancon.ac-besancon.fr\/wp-content\/uploads\/sites\/15\/2020\/04\/LUCIE-.pdf\">LUCIE-<\/a> \u00a0 \u00a0\u00a0 <a href=\"http:\/\/elem-granvelle-besancon.ac-besancon.fr\/wp-content\/uploads\/sites\/15\/2020\/04\/MARINA-.pdf\">MARINA-<\/a> \u00a0 \u00a0\u00a0 <a href=\"http:\/\/elem-granvelle-besancon.ac-besancon.fr\/wp-content\/uploads\/sites\/15\/2020\/04\/MARTIN-.pdf\">MARTIN-<\/a> \u00a0 \u00a0\u00a0 <a href=\"http:\/\/elem-granvelle-besancon.ac-besancon.fr\/wp-content\/uploads\/sites\/15\/2020\/04\/MISHA-.pdf\">MISHA-<\/a> \u00a0 \u00a0 \u00a0<a href=\"http:\/\/elem-granvelle-besancon.ac-besancon.fr\/wp-content\/uploads\/sites\/15\/2020\/04\/NILS-.pdf\">NILS-<\/a><\/p>\n<p><a href=\"http:\/\/elem-granvelle-besancon.ac-besancon.fr\/wp-content\/uploads\/sites\/15\/2020\/04\/PIERRE-.pdf\">PIERRE-<\/a> \u00a0\u00a0 \u00a0\u00a0<a href=\"http:\/\/elem-granvelle-besancon.ac-besancon.fr\/wp-content\/uploads\/sites\/15\/2020\/04\/SASHA-.pdf\">SASHA-<\/a> \u00a0 \u00a0 \u00a0<a href=\"http:\/\/elem-granvelle-besancon.ac-besancon.fr\/wp-content\/uploads\/sites\/15\/2020\/04\/TIAGO-.pdf\">TIAGO-<\/a><\/p>\n<p><a href=\"http:\/\/elem-granvelle-besancon.ac-besancon.fr\/wp-content\/uploads\/sites\/15\/2020\/04\/PIERRE-PDF.pdf\">PIERRE PDF<\/a><\/p>\n<p>&nbsp;<\/p>\n","protected":false},"excerpt":{"rendered":"<p>BONJOUR Veuillez trouver ci-joint la fiche concernant la proposition sur la poursuite de la scolarit\u00e9 de votre enfant. Cette fiche est \u00e0 remplir et \u00e0 me faire parvenir par mail (bertrand.hardy@ecoles.grandbesancon.fr), sms ou WhatsApp, remplie et sign\u00e9e avant le 02\/05\/2020, &hellip; <a href=\"http:\/\/elem-granvelle-besancon.ac-besancon.fr\/?p=6285\">Continuer la lecture <span class=\"meta-nav\">&rarr;<\/span><\/a><\/p>\n","protected":false},"author":16,"featured_media":0,"comment_status":"closed","ping_status":"open","sticky":false,"template":"","format":"standard","meta":{"footnotes":""},"categories":[5],"tags":[],"class_list":["post-6285","post","type-post","status-publish","format-standard","hentry","category-classe-cp"],"_links":{"self":[{"href":"http:\/\/elem-granvelle-besancon.ac-besancon.fr\/index.php?rest_route=\/wp\/v2\/posts\/6285","targetHints":{"allow":["GET"]}}],"collection":[{"href":"http:\/\/elem-granvelle-besancon.ac-besancon.fr\/index.php?rest_route=\/wp\/v2\/posts"}],"about":[{"href":"http:\/\/elem-granvelle-besancon.ac-besancon.fr\/index.php?rest_route=\/wp\/v2\/types\/post"}],"author":[{"embeddable":true,"href":"http:\/\/elem-granvelle-besancon.ac-besancon.fr\/index.php?rest_route=\/wp\/v2\/users\/16"}],"replies":[{"embeddable":true,"href":"http:\/\/elem-granvelle-besancon.ac-besancon.fr\/index.php?rest_route=%2Fwp%2Fv2%2Fcomments&post=6285"}],"version-history":[{"count":2,"href":"http:\/\/elem-granvelle-besancon.ac-besancon.fr\/index.php?rest_route=\/wp\/v2\/posts\/6285\/revisions"}],"predecessor-version":[{"id":6493,"href":"http:\/\/elem-granvelle-besancon.ac-besancon.fr\/index.php?rest_route=\/wp\/v2\/posts\/6285\/revisions\/6493"}],"wp:attachment":[{"href":"http:\/\/elem-granvelle-besancon.ac-besancon.fr\/index.php?rest_route=%2Fwp%2Fv2%2Fmedia&parent=6285"}],"wp:term":[{"taxonomy":"category","embeddable":true,"href":"http:\/\/elem-granvelle-besancon.ac-besancon.fr\/index.php?rest_route=%2Fwp%2Fv2%2Fcategories&post=6285"},{"taxonomy":"post_tag","embeddable":true,"href":"http:\/\/elem-granvelle-besancon.ac-besancon.fr\/index.php?rest_route=%2Fwp%2Fv2%2Ftags&post=6285"}],"curies":[{"name":"wp","href":"https:\/\/api.w.org\/{rel}","templated":true}]}}