{"id":6286,"date":"2020-04-16T16:35:55","date_gmt":"2020-04-16T14:35:55","guid":{"rendered":"http:\/\/elem-granvelle-besancon.ac-besancon.fr\/?p=6286"},"modified":"2020-04-16T16:57:10","modified_gmt":"2020-04-16T14:57:10","slug":"bravo-les-artistes","status":"publish","type":"post","link":"http:\/\/elem-granvelle-besancon.ac-besancon.fr\/?p=6286","title":{"rendered":"Bravo les artistes"},"content":{"rendered":"<p>On s&#8217;occupe comme on peut pendant le confinement, merci \u00e0 Joana, \u00e0 ses fr\u00e8res et \u00e0 sa soeur pour ce partage (aux parents pour l&#8217;accompagnement) ! La culture confin\u00e9e a un certain charme !<\/p>\n<p>&nbsp;<\/p>\n<div style=\"width: 320px;\" class=\"wp-video\"><video class=\"wp-video-shortcode\" id=\"video-6286-1\" width=\"320\" height=\"240\" preload=\"metadata\" controls=\"controls\"><source type=\"video\/mp4\" src=\"http:\/\/elem-granvelle-besancon.ac-besancon.fr\/wp-content\/uploads\/sites\/15\/2020\/04\/Les-artistes-3.mp4?_=1\" \/><a href=\"http:\/\/elem-granvelle-besancon.ac-besancon.fr\/wp-content\/uploads\/sites\/15\/2020\/04\/Les-artistes-3.mp4\">http:\/\/elem-granvelle-besancon.ac-besancon.fr\/wp-content\/uploads\/sites\/15\/2020\/04\/Les-artistes-3.mp4<\/a><\/video><\/div>\n","protected":false},"excerpt":{"rendered":"<p>On s&#8217;occupe comme on peut pendant le confinement, merci \u00e0 Joana, \u00e0 ses fr\u00e8res et \u00e0 sa soeur pour ce partage (aux parents pour l&#8217;accompagnement) ! La culture confin\u00e9e a un certain charme ! &nbsp;<\/p>\n","protected":false},"author":16,"featured_media":0,"comment_status":"closed","ping_status":"open","sticky":false,"template":"","format":"standard","meta":{"footnotes":""},"categories":[6],"tags":[],"class_list":["post-6286","post","type-post","status-publish","format-standard","hentry","category-classe-ce1"],"_links":{"self":[{"href":"http:\/\/elem-granvelle-besancon.ac-besancon.fr\/index.php?rest_route=\/wp\/v2\/posts\/6286","targetHints":{"allow":["GET"]}}],"collection":[{"href":"http:\/\/elem-granvelle-besancon.ac-besancon.fr\/index.php?rest_route=\/wp\/v2\/posts"}],"about":[{"href":"http:\/\/elem-granvelle-besancon.ac-besancon.fr\/index.php?rest_route=\/wp\/v2\/types\/post"}],"author":[{"embeddable":true,"href":"http:\/\/elem-granvelle-besancon.ac-besancon.fr\/index.php?rest_route=\/wp\/v2\/users\/16"}],"replies":[{"embeddable":true,"href":"http:\/\/elem-granvelle-besancon.ac-besancon.fr\/index.php?rest_route=%2Fwp%2Fv2%2Fcomments&post=6286"}],"version-history":[{"count":2,"href":"http:\/\/elem-granvelle-besancon.ac-besancon.fr\/index.php?rest_route=\/wp\/v2\/posts\/6286\/revisions"}],"predecessor-version":[{"id":6309,"href":"http:\/\/elem-granvelle-besancon.ac-besancon.fr\/index.php?rest_route=\/wp\/v2\/posts\/6286\/revisions\/6309"}],"wp:attachment":[{"href":"http:\/\/elem-granvelle-besancon.ac-besancon.fr\/index.php?rest_route=%2Fwp%2Fv2%2Fmedia&parent=6286"}],"wp:term":[{"taxonomy":"category","embeddable":true,"href":"http:\/\/elem-granvelle-besancon.ac-besancon.fr\/index.php?rest_route=%2Fwp%2Fv2%2Fcategories&post=6286"},{"taxonomy":"post_tag","embeddable":true,"href":"http:\/\/elem-granvelle-besancon.ac-besancon.fr\/index.php?rest_route=%2Fwp%2Fv2%2Ftags&post=6286"}],"curies":[{"name":"wp","href":"https:\/\/api.w.org\/{rel}","templated":true}]}}