{"id":6311,"date":"2020-04-16T12:18:14","date_gmt":"2020-04-16T10:18:14","guid":{"rendered":"http:\/\/elem-granvelle-besancon.ac-besancon.fr\/?p=6311"},"modified":"2020-07-03T17:10:41","modified_gmt":"2020-07-03T15:10:41","slug":"reproduire-van-gogh-ou-manet","status":"publish","type":"post","link":"http:\/\/elem-granvelle-besancon.ac-besancon.fr\/?p=6311","title":{"rendered":"Reproduire Van Gogh ou Manet ?"},"content":{"rendered":"<p><span style=\"color: #000000\"><strong>Recr\u00e9er \u00e0 l&#8217;identique (ou presque) des \u0153uvres connues : c&#8217;est le d\u00e9fi original lanc\u00e9 par le <span style=\"color: #ff6600\">mus\u00e9e Getty de Los Angeles<\/span>. L&#8217;\u00e9tablissement californien propose aux internautes confin\u00e9s chez eux de faire appel \u00e0 leur imagination et leur cr\u00e9ativit\u00e9 pour imiter un tableau ou une sculpture de leur choix.<\/strong><\/span><\/p>\n","protected":false},"excerpt":{"rendered":"<p>Recr\u00e9er \u00e0 l&#8217;identique (ou presque) des \u0153uvres connues : c&#8217;est le d\u00e9fi original lanc\u00e9 par le mus\u00e9e Getty de Los Angeles. L&#8217;\u00e9tablissement californien propose aux internautes confin\u00e9s chez eux de faire appel \u00e0 leur imagination et leur cr\u00e9ativit\u00e9 pour imiter &hellip; <a href=\"http:\/\/elem-granvelle-besancon.ac-besancon.fr\/?p=6311\">Continuer la lecture <span class=\"meta-nav\">&rarr;<\/span><\/a><\/p>\n","protected":false},"author":16,"featured_media":0,"comment_status":"closed","ping_status":"open","sticky":false,"template":"","format":"standard","meta":{"footnotes":""},"categories":[5],"tags":[],"class_list":["post-6311","post","type-post","status-publish","format-standard","hentry","category-classe-cp"],"_links":{"self":[{"href":"http:\/\/elem-granvelle-besancon.ac-besancon.fr\/index.php?rest_route=\/wp\/v2\/posts\/6311","targetHints":{"allow":["GET"]}}],"collection":[{"href":"http:\/\/elem-granvelle-besancon.ac-besancon.fr\/index.php?rest_route=\/wp\/v2\/posts"}],"about":[{"href":"http:\/\/elem-granvelle-besancon.ac-besancon.fr\/index.php?rest_route=\/wp\/v2\/types\/post"}],"author":[{"embeddable":true,"href":"http:\/\/elem-granvelle-besancon.ac-besancon.fr\/index.php?rest_route=\/wp\/v2\/users\/16"}],"replies":[{"embeddable":true,"href":"http:\/\/elem-granvelle-besancon.ac-besancon.fr\/index.php?rest_route=%2Fwp%2Fv2%2Fcomments&post=6311"}],"version-history":[{"count":7,"href":"http:\/\/elem-granvelle-besancon.ac-besancon.fr\/index.php?rest_route=\/wp\/v2\/posts\/6311\/revisions"}],"predecessor-version":[{"id":10848,"href":"http:\/\/elem-granvelle-besancon.ac-besancon.fr\/index.php?rest_route=\/wp\/v2\/posts\/6311\/revisions\/10848"}],"wp:attachment":[{"href":"http:\/\/elem-granvelle-besancon.ac-besancon.fr\/index.php?rest_route=%2Fwp%2Fv2%2Fmedia&parent=6311"}],"wp:term":[{"taxonomy":"category","embeddable":true,"href":"http:\/\/elem-granvelle-besancon.ac-besancon.fr\/index.php?rest_route=%2Fwp%2Fv2%2Fcategories&post=6311"},{"taxonomy":"post_tag","embeddable":true,"href":"http:\/\/elem-granvelle-besancon.ac-besancon.fr\/index.php?rest_route=%2Fwp%2Fv2%2Ftags&post=6311"}],"curies":[{"name":"wp","href":"https:\/\/api.w.org\/{rel}","templated":true}]}}