{"id":6820,"date":"2020-05-11T18:10:08","date_gmt":"2020-05-11T16:10:08","guid":{"rendered":"http:\/\/elem-granvelle-besancon.ac-besancon.fr\/?p=6820"},"modified":"2020-05-10T15:00:39","modified_gmt":"2020-05-10T13:00:39","slug":"mardi-12-mai-2020-cm1-cm2","status":"publish","type":"post","link":"http:\/\/elem-granvelle-besancon.ac-besancon.fr\/?p=6820","title":{"rendered":"MARDI 12 MAI 2020 CM1 CM2"},"content":{"rendered":"<h1><img loading=\"lazy\" decoding=\"async\" class=\"aligncenter size-full wp-image-6884\" src=\"http:\/\/elem-granvelle-besancon.ac-besancon.fr\/wp-content\/uploads\/sites\/15\/2020\/05\/IMG_20170406_115556-scaled-e1588430143346.jpg\" alt=\"\" width=\"2560\" height=\"582\" srcset=\"http:\/\/elem-granvelle-besancon.ac-besancon.fr\/wp-content\/uploads\/sites\/15\/2020\/05\/IMG_20170406_115556-scaled-e1588430143346.jpg 2560w, http:\/\/elem-granvelle-besancon.ac-besancon.fr\/wp-content\/uploads\/sites\/15\/2020\/05\/IMG_20170406_115556-scaled-e1588430143346-300x68.jpg 300w, http:\/\/elem-granvelle-besancon.ac-besancon.fr\/wp-content\/uploads\/sites\/15\/2020\/05\/IMG_20170406_115556-scaled-e1588430143346-1024x233.jpg 1024w, http:\/\/elem-granvelle-besancon.ac-besancon.fr\/wp-content\/uploads\/sites\/15\/2020\/05\/IMG_20170406_115556-scaled-e1588430143346-768x175.jpg 768w, http:\/\/elem-granvelle-besancon.ac-besancon.fr\/wp-content\/uploads\/sites\/15\/2020\/05\/IMG_20170406_115556-scaled-e1588430143346-1536x349.jpg 1536w, http:\/\/elem-granvelle-besancon.ac-besancon.fr\/wp-content\/uploads\/sites\/15\/2020\/05\/IMG_20170406_115556-scaled-e1588430143346-2048x466.jpg 2048w, http:\/\/elem-granvelle-besancon.ac-besancon.fr\/wp-content\/uploads\/sites\/15\/2020\/05\/IMG_20170406_115556-scaled-e1588430143346-500x114.jpg 500w\" sizes=\"auto, (max-width: 2560px) 100vw, 2560px\" \/><\/h1>\n<h3>On dirait que des Shadoks se cachent dans cette frise!<span style=\"color: #ff0000\"><br \/>\n<\/span><\/h3>\n<h1><span style=\"color: #ff0000\">APER 05<\/span><\/h1>\n<h1 style=\"text-align: center\"><img loading=\"lazy\" decoding=\"async\" class=\"aligncenter size-full wp-image-6879\" src=\"http:\/\/elem-granvelle-besancon.ac-besancon.fr\/wp-content\/uploads\/sites\/15\/2020\/05\/trottoir.jpg\" alt=\"\" width=\"320\" height=\"164\" srcset=\"http:\/\/elem-granvelle-besancon.ac-besancon.fr\/wp-content\/uploads\/sites\/15\/2020\/05\/trottoir.jpg 320w, http:\/\/elem-granvelle-besancon.ac-besancon.fr\/wp-content\/uploads\/sites\/15\/2020\/05\/trottoir-300x154.jpg 300w\" sizes=\"auto, (max-width: 320px) 100vw, 320px\" \/>\u00a0 <a href=\"http:\/\/www.lumni.fr\/video\/circuler-sur-le-trottoir\">Savoir utiliser le trottoir<\/a><\/h1>\n<h1><\/h1>\n<h1><span style=\"color: #ff0000\">Phrase de jour<\/span><\/h1>\n<p><img loading=\"lazy\" decoding=\"async\" class=\"aligncenter size-full wp-image-6901\" src=\"http:\/\/elem-granvelle-besancon.ac-besancon.fr\/wp-content\/uploads\/sites\/15\/2020\/05\/Panneau-triangle.jpg\" alt=\"\" width=\"321\" height=\"371\" srcset=\"http:\/\/elem-granvelle-besancon.ac-besancon.fr\/wp-content\/uploads\/sites\/15\/2020\/05\/Panneau-triangle.jpg 321w, http:\/\/elem-granvelle-besancon.ac-besancon.fr\/wp-content\/uploads\/sites\/15\/2020\/05\/Panneau-triangle-260x300.jpg 260w\" sizes=\"auto, (max-width: 321px) 100vw, 321px\" \/><\/p>\n<p><span style=\"font-family: Arimo, sans-serif\"><span style=\"font-size: xx-large\">Le panneau en forme de triangle \u00e9quilat\u00e9ral, bord\u00e9 de rouge signifie qu&#8217;il y a un danger. <\/span><\/span><\/p>\n<p><span style=\"font-family: Arimo, sans-serif\"><span style=\"font-size: xx-large\">Les panneaux carr\u00e9s et rectangulaires apportent une information .<\/span><\/span><\/p>\n<p><img loading=\"lazy\" decoding=\"async\" class=\"aligncenter wp-image-6902 size-medium\" src=\"http:\/\/elem-granvelle-besancon.ac-besancon.fr\/wp-content\/uploads\/sites\/15\/2020\/05\/Panneaux-carr\u00e9s-300x274.jpg\" alt=\"\" width=\"300\" height=\"274\" srcset=\"http:\/\/elem-granvelle-besancon.ac-besancon.fr\/wp-content\/uploads\/sites\/15\/2020\/05\/Panneaux-carr\u00e9s-300x274.jpg 300w, http:\/\/elem-granvelle-besancon.ac-besancon.fr\/wp-content\/uploads\/sites\/15\/2020\/05\/Panneaux-carr\u00e9s-328x300.jpg 328w, http:\/\/elem-granvelle-besancon.ac-besancon.fr\/wp-content\/uploads\/sites\/15\/2020\/05\/Panneaux-carr\u00e9s.jpg 394w\" sizes=\"auto, (max-width: 300px) 100vw, 300px\" \/><\/p>\n<h3>Sais-tu pourquoi il y a &#8220;e&#8221; \u00e0 la fin de signifie?<\/h3>\n<h1><span style=\"color: #ff0000\">Histoire de l&#8217;art 24<br \/>\n<\/span><\/h1>\n<p><img loading=\"lazy\" decoding=\"async\" class=\"aligncenter wp-image-6880 size-medium\" src=\"http:\/\/elem-granvelle-besancon.ac-besancon.fr\/wp-content\/uploads\/sites\/15\/2020\/05\/24-la-raie-300x236.jpg\" alt=\"\" width=\"300\" height=\"236\" srcset=\"http:\/\/elem-granvelle-besancon.ac-besancon.fr\/wp-content\/uploads\/sites\/15\/2020\/05\/24-la-raie-300x236.jpg 300w, http:\/\/elem-granvelle-besancon.ac-besancon.fr\/wp-content\/uploads\/sites\/15\/2020\/05\/24-la-raie-381x300.jpg 381w, http:\/\/elem-granvelle-besancon.ac-besancon.fr\/wp-content\/uploads\/sites\/15\/2020\/05\/24-la-raie.jpg 618w\" sizes=\"auto, (max-width: 300px) 100vw, 300px\" \/><\/p>\n<p style=\"text-align: center\"><a href=\"http:\/\/www.lumni.fr\/video\/la-raie-jean-baptiste-simeon-chardin\">La raie<\/a><\/p>\n<h1><span style=\"color: #ff0000\">Calcul <span style=\"color: #000000\">suite fiche calcul S29<\/span><\/span><\/h1>\n<h1><span style=\"color: #ff0000\">Math\u00e9matiques <a href=\"http:\/\/elem-granvelle-besancon.ac-besancon.fr\/wp-content\/uploads\/sites\/15\/2020\/05\/MA-d\u00e9cimaux-les-centi\u00e8mes-terr-137.pdf\">MA d\u00e9cimaux les centi\u00e8mes terr 137<\/a><\/span><\/h1>\n<h1 style=\"text-align: center\"><span style=\"color: #ff0000\">Anglais<\/span><\/h1>\n<h1><span style=\"color: #ff0000\">Alice in Wonderland <img loading=\"lazy\" decoding=\"async\" class=\"aligncenter wp-image-6885\" src=\"http:\/\/elem-granvelle-besancon.ac-besancon.fr\/wp-content\/uploads\/sites\/15\/2020\/05\/alice-p21-curtain-194x300.jpg\" alt=\"\" width=\"250\" height=\"387\" srcset=\"http:\/\/elem-granvelle-besancon.ac-besancon.fr\/wp-content\/uploads\/sites\/15\/2020\/05\/alice-p21-curtain-194x300.jpg 194w, http:\/\/elem-granvelle-besancon.ac-besancon.fr\/wp-content\/uploads\/sites\/15\/2020\/05\/alice-p21-curtain-661x1024.jpg 661w, http:\/\/elem-granvelle-besancon.ac-besancon.fr\/wp-content\/uploads\/sites\/15\/2020\/05\/alice-p21-curtain-768x1190.jpg 768w, http:\/\/elem-granvelle-besancon.ac-besancon.fr\/wp-content\/uploads\/sites\/15\/2020\/05\/alice-p21-curtain-991x1536.jpg 991w, http:\/\/elem-granvelle-besancon.ac-besancon.fr\/wp-content\/uploads\/sites\/15\/2020\/05\/alice-p21-curtain-1322x2048.jpg 1322w, http:\/\/elem-granvelle-besancon.ac-besancon.fr\/wp-content\/uploads\/sites\/15\/2020\/05\/alice-p21-curtain-scaled.jpg 1652w\" sizes=\"auto, (max-width: 250px) 100vw, 250px\" \/><\/span><\/h1>\n<audio class=\"wp-audio-shortcode\" id=\"audio-6820-1\" preload=\"none\" style=\"width: 100%;\" controls=\"controls\"><source type=\"audio\/mpeg\" src=\"http:\/\/elem-granvelle-besancon.ac-besancon.fr\/wp-content\/uploads\/sites\/15\/2020\/05\/Track-No15.mp3?_=1\" \/><a href=\"http:\/\/elem-granvelle-besancon.ac-besancon.fr\/wp-content\/uploads\/sites\/15\/2020\/05\/Track-No15.mp3\">http:\/\/elem-granvelle-besancon.ac-besancon.fr\/wp-content\/uploads\/sites\/15\/2020\/05\/Track-No15.mp3<\/a><\/audio>\n<h1>On n&#8217;entend pas le mot &#8220;Alice&#8221; au d\u00e9part&#8230;<\/h1>\n<p><img loading=\"lazy\" decoding=\"async\" class=\"aligncenter wp-image-6888\" src=\"http:\/\/elem-granvelle-besancon.ac-besancon.fr\/wp-content\/uploads\/sites\/15\/2020\/05\/rodeo.jpg\" alt=\"\" width=\"300\" height=\"291\" srcset=\"http:\/\/elem-granvelle-besancon.ac-besancon.fr\/wp-content\/uploads\/sites\/15\/2020\/05\/rodeo.jpg 388w, http:\/\/elem-granvelle-besancon.ac-besancon.fr\/wp-content\/uploads\/sites\/15\/2020\/05\/rodeo-300x291.jpg 300w, http:\/\/elem-granvelle-besancon.ac-besancon.fr\/wp-content\/uploads\/sites\/15\/2020\/05\/rodeo-309x300.jpg 309w\" sizes=\"auto, (max-width: 300px) 100vw, 300px\" \/><\/p>\n<h1>Lesson 19 Ben at the rodeo <a href=\"http:\/\/elem-granvelle-besancon.ac-besancon.fr\/wp-content\/uploads\/sites\/15\/2020\/05\/ANG-19-ben-at-the-rodeo-can-actions.pdf\">ANG 19 ben at the rodeo can &#8211; actions<\/a><\/h1>\n<h1><span style=\"color: #ff0000\">R\u00e9cr\u00e9ation<\/span><\/h1>\n<p><img loading=\"lazy\" decoding=\"async\" class=\"aligncenter wp-image-7681\" src=\"http:\/\/elem-granvelle-besancon.ac-besancon.fr\/wp-content\/uploads\/sites\/15\/2020\/05\/v\u00e9lo-carr\u00e9.jpg\" alt=\"\" width=\"400\" height=\"449\" srcset=\"http:\/\/elem-granvelle-besancon.ac-besancon.fr\/wp-content\/uploads\/sites\/15\/2020\/05\/v\u00e9lo-carr\u00e9.jpg 589w, http:\/\/elem-granvelle-besancon.ac-besancon.fr\/wp-content\/uploads\/sites\/15\/2020\/05\/v\u00e9lo-carr\u00e9-267x300.jpg 267w\" sizes=\"auto, (max-width: 400px) 100vw, 400px\" \/><\/p>\n<p>&nbsp;<\/p>\n<h1><span style=\"color: #ff0000\">G\u00e9ographie\u00a0 Les r\u00e9seaux &#8211; cartographie \u00a0 <\/span><\/h1>\n<p><img loading=\"lazy\" decoding=\"async\" class=\"aligncenter wp-image-6893 size-large\" src=\"http:\/\/elem-granvelle-besancon.ac-besancon.fr\/wp-content\/uploads\/sites\/15\/2020\/05\/GEO-r\u00e9seaux-de-communication-\u00e9cus-cartes-1024x724.jpg\" alt=\"\" width=\"584\" height=\"413\" srcset=\"http:\/\/elem-granvelle-besancon.ac-besancon.fr\/wp-content\/uploads\/sites\/15\/2020\/05\/GEO-r\u00e9seaux-de-communication-\u00e9cus-cartes-1024x724.jpg 1024w, http:\/\/elem-granvelle-besancon.ac-besancon.fr\/wp-content\/uploads\/sites\/15\/2020\/05\/GEO-r\u00e9seaux-de-communication-\u00e9cus-cartes-300x212.jpg 300w, http:\/\/elem-granvelle-besancon.ac-besancon.fr\/wp-content\/uploads\/sites\/15\/2020\/05\/GEO-r\u00e9seaux-de-communication-\u00e9cus-cartes-768x543.jpg 768w, http:\/\/elem-granvelle-besancon.ac-besancon.fr\/wp-content\/uploads\/sites\/15\/2020\/05\/GEO-r\u00e9seaux-de-communication-\u00e9cus-cartes-1536x1086.jpg 1536w, http:\/\/elem-granvelle-besancon.ac-besancon.fr\/wp-content\/uploads\/sites\/15\/2020\/05\/GEO-r\u00e9seaux-de-communication-\u00e9cus-cartes-2048x1448.jpg 2048w, http:\/\/elem-granvelle-besancon.ac-besancon.fr\/wp-content\/uploads\/sites\/15\/2020\/05\/GEO-r\u00e9seaux-de-communication-\u00e9cus-cartes-424x300.jpg 424w\" sizes=\"auto, (max-width: 584px) 100vw, 584px\" \/><\/p>\n<h1><span style=\"color: #ff0000\">\u00a0<a href=\"http:\/\/elem-granvelle-besancon.ac-besancon.fr\/wp-content\/uploads\/sites\/15\/2020\/05\/GEO-r\u00e9seaux-de-communication-\u00e9cus-cartes.pdf\">GEO r\u00e9seaux de communication \u00e9cus cartes<\/a><\/span><\/h1>\n<h1><span style=\"color: #ff0000\">R\u00e9cr\u00e9ation<\/span><\/h1>\n<p>Demain, j&#8217;aurai le droit de ressortir ma voiture&#8230; mais, il faut d&#8217;abord la r\u00e9parer&#8230;Avec un peu de magie, <a href=\"https:\/\/youtu.be\/oezKQEF0deY\">cela doit \u00eatre possible&#8230;\u00a0\u00a0\u00a0\u00a0<\/a><\/p>\n<h3>D\u00e9sol\u00e9 pour la pub qui pr\u00e9c\u00e8de&#8230;.\u00a0\u00a0\u00a0 &#8220;Show me&#8221; veut dire &#8220;montre-moi&#8221; &#8230; c&#8217;est aussi le verlan de &#8230;&#8230;!<\/h3>\n<p><img loading=\"lazy\" decoding=\"async\" class=\"aligncenter wp-image-7682\" src=\"http:\/\/elem-granvelle-besancon.ac-besancon.fr\/wp-content\/uploads\/sites\/15\/2020\/05\/Christine.jpg\" alt=\"\" width=\"400\" height=\"249\" srcset=\"http:\/\/elem-granvelle-besancon.ac-besancon.fr\/wp-content\/uploads\/sites\/15\/2020\/05\/Christine.jpg 539w, http:\/\/elem-granvelle-besancon.ac-besancon.fr\/wp-content\/uploads\/sites\/15\/2020\/05\/Christine-300x187.jpg 300w, http:\/\/elem-granvelle-besancon.ac-besancon.fr\/wp-content\/uploads\/sites\/15\/2020\/05\/Christine-481x300.jpg 481w\" sizes=\"auto, (max-width: 400px) 100vw, 400px\" \/><\/p>\n<p>La m\u00eame chose en version artisanale&#8230;<\/p>\n<p><img loading=\"lazy\" decoding=\"async\" class=\"aligncenter wp-image-7683\" src=\"http:\/\/elem-granvelle-besancon.ac-besancon.fr\/wp-content\/uploads\/sites\/15\/2020\/05\/christine-l\u00e9go.jpg\" alt=\"\" width=\"400\" height=\"247\" srcset=\"http:\/\/elem-granvelle-besancon.ac-besancon.fr\/wp-content\/uploads\/sites\/15\/2020\/05\/christine-l\u00e9go.jpg 918w, http:\/\/elem-granvelle-besancon.ac-besancon.fr\/wp-content\/uploads\/sites\/15\/2020\/05\/christine-l\u00e9go-300x185.jpg 300w, http:\/\/elem-granvelle-besancon.ac-besancon.fr\/wp-content\/uploads\/sites\/15\/2020\/05\/christine-l\u00e9go-768x474.jpg 768w, http:\/\/elem-granvelle-besancon.ac-besancon.fr\/wp-content\/uploads\/sites\/15\/2020\/05\/christine-l\u00e9go-487x300.jpg 487w\" sizes=\"auto, (max-width: 400px) 100vw, 400px\" \/><\/p>\n<p><a href=\"https:\/\/youtu.be\/CyGbUAn2kXI\">Version stop motion<\/a>\u00a0\u00a0\u00a0\u00a0\u00a0\u00a0\u00a0\u00a0 &#8211;\u00a0\u00a0\u00a0\u00a0\u00a0\u00a0\u00a0\u00a0\u00a0\u00a0\u00a0 <a href=\"https:\/\/youtu.be\/gP38gFqRO_A\">Version L\u00e9go<\/a><\/p>\n<h1><span style=\"color: #ff0000\">Grammaire Les compl\u00e9ments circonstanciels 2\u00a0\u00a0 <\/span><\/h1>\n<p><a href=\"http:\/\/elem-granvelle-besancon.ac-besancon.fr\/wp-content\/uploads\/sites\/15\/2020\/05\/Fiche-12-Les-complements-circonstanciels.pdf\">Fiche-12-Les-complements-circonstanciels<\/a><\/p>\n<h1><span style=\"color: #ff0000\">Shadoks S01 EP 19<\/span><\/h1>\n<p><img loading=\"lazy\" decoding=\"async\" class=\"aligncenter wp-image-6895 size-medium\" src=\"http:\/\/elem-granvelle-besancon.ac-besancon.fr\/wp-content\/uploads\/sites\/15\/2020\/05\/shadok-19-300x249.jpg\" alt=\"\" width=\"300\" height=\"249\" srcset=\"http:\/\/elem-granvelle-besancon.ac-besancon.fr\/wp-content\/uploads\/sites\/15\/2020\/05\/shadok-19-300x249.jpg 300w, http:\/\/elem-granvelle-besancon.ac-besancon.fr\/wp-content\/uploads\/sites\/15\/2020\/05\/shadok-19-768x637.jpg 768w, http:\/\/elem-granvelle-besancon.ac-besancon.fr\/wp-content\/uploads\/sites\/15\/2020\/05\/shadok-19-362x300.jpg 362w, http:\/\/elem-granvelle-besancon.ac-besancon.fr\/wp-content\/uploads\/sites\/15\/2020\/05\/shadok-19.jpg 816w\" sizes=\"auto, (max-width: 300px) 100vw, 300px\" \/><\/p>\n<h1><a href=\"https:\/\/youtu.be\/R00VrgzBSP8\">Utilisation des ordinateurs \u00e0 p\u00e9dales<\/a><\/h1>\n<h1><span style=\"color: #ff0000\">Histoire de la musique<\/span><\/h1>\n<p><strong>Classique: musique romantique<\/strong><\/p>\n<p><img loading=\"lazy\" decoding=\"async\" class=\"aligncenter size-full wp-image-6897\" src=\"http:\/\/elem-granvelle-besancon.ac-besancon.fr\/wp-content\/uploads\/sites\/15\/2020\/05\/Chopin.jpg\" alt=\"\" width=\"343\" height=\"196\" srcset=\"http:\/\/elem-granvelle-besancon.ac-besancon.fr\/wp-content\/uploads\/sites\/15\/2020\/05\/Chopin.jpg 343w, http:\/\/elem-granvelle-besancon.ac-besancon.fr\/wp-content\/uploads\/sites\/15\/2020\/05\/Chopin-300x171.jpg 300w\" sizes=\"auto, (max-width: 343px) 100vw, 343px\" \/><\/p>\n<p><strong>Fr\u00e9d\u00e9ric Chopin<\/strong><a href=\"https:\/\/youtu.be\/Ongm_b1I-ls\"> &#8211; vid\u00e9o &#8211; son histoire\u00a0\u00a0<\/a><\/p>\n<p>Il para\u00eet que sur certaines de ses partitions, jouer ce qui est \u00e9crit s&#8217;av\u00e8re impossible&#8230;m\u00eame pour les meilleurs.<\/p>\n<p><a href=\"https:\/\/youtu.be\/s_O7q9RIep4\">Lang Lang &#8211; Valse n\u00b01\u00a0\u00a0\u00a0\u00a0<\/a><\/p>\n<p><strong>Animation et musique<\/strong>: &#8220;<a href=\"https:\/\/youtu.be\/BR6pYICqZT0\"> Love is all<\/a> ! &#8221; &#8211; L&#8217;amour est tout!<\/p>\n<p><img loading=\"lazy\" decoding=\"async\" class=\"size-medium wp-image-7517 aligncenter\" src=\"http:\/\/elem-granvelle-besancon.ac-besancon.fr\/wp-content\/uploads\/sites\/15\/2020\/05\/Love-is-all-300x211.jpg\" alt=\"\" width=\"300\" height=\"211\" srcset=\"http:\/\/elem-granvelle-besancon.ac-besancon.fr\/wp-content\/uploads\/sites\/15\/2020\/05\/Love-is-all-300x211.jpg 300w, http:\/\/elem-granvelle-besancon.ac-besancon.fr\/wp-content\/uploads\/sites\/15\/2020\/05\/Love-is-all-768x539.jpg 768w, http:\/\/elem-granvelle-besancon.ac-besancon.fr\/wp-content\/uploads\/sites\/15\/2020\/05\/Love-is-all-427x300.jpg 427w, http:\/\/elem-granvelle-besancon.ac-besancon.fr\/wp-content\/uploads\/sites\/15\/2020\/05\/Love-is-all.jpg 956w\" sizes=\"auto, (max-width: 300px) 100vw, 300px\" \/><\/p>\n<p>A demain&#8230;<\/p>\n<p><img loading=\"lazy\" decoding=\"async\" class=\"aligncenter size-full wp-image-6884\" src=\"http:\/\/elem-granvelle-besancon.ac-besancon.fr\/wp-content\/uploads\/sites\/15\/2020\/05\/IMG_20170406_115556-scaled-e1588430143346.jpg\" alt=\"\" width=\"2560\" height=\"582\" srcset=\"http:\/\/elem-granvelle-besancon.ac-besancon.fr\/wp-content\/uploads\/sites\/15\/2020\/05\/IMG_20170406_115556-scaled-e1588430143346.jpg 2560w, http:\/\/elem-granvelle-besancon.ac-besancon.fr\/wp-content\/uploads\/sites\/15\/2020\/05\/IMG_20170406_115556-scaled-e1588430143346-300x68.jpg 300w, http:\/\/elem-granvelle-besancon.ac-besancon.fr\/wp-content\/uploads\/sites\/15\/2020\/05\/IMG_20170406_115556-scaled-e1588430143346-1024x233.jpg 1024w, http:\/\/elem-granvelle-besancon.ac-besancon.fr\/wp-content\/uploads\/sites\/15\/2020\/05\/IMG_20170406_115556-scaled-e1588430143346-768x175.jpg 768w, http:\/\/elem-granvelle-besancon.ac-besancon.fr\/wp-content\/uploads\/sites\/15\/2020\/05\/IMG_20170406_115556-scaled-e1588430143346-1536x349.jpg 1536w, http:\/\/elem-granvelle-besancon.ac-besancon.fr\/wp-content\/uploads\/sites\/15\/2020\/05\/IMG_20170406_115556-scaled-e1588430143346-2048x466.jpg 2048w, http:\/\/elem-granvelle-besancon.ac-besancon.fr\/wp-content\/uploads\/sites\/15\/2020\/05\/IMG_20170406_115556-scaled-e1588430143346-500x114.jpg 500w\" sizes=\"auto, (max-width: 2560px) 100vw, 2560px\" \/><\/p>\n","protected":false},"excerpt":{"rendered":"<p>On dirait que des Shadoks se cachent dans cette frise! APER 05 \u00a0 Savoir utiliser le trottoir Phrase de jour Le panneau en forme de triangle \u00e9quilat\u00e9ral, bord\u00e9 de rouge signifie qu&#8217;il y a un danger. Les panneaux carr\u00e9s et &hellip; <a href=\"http:\/\/elem-granvelle-besancon.ac-besancon.fr\/?p=6820\">Continuer la lecture <span class=\"meta-nav\">&rarr;<\/span><\/a><\/p>\n","protected":false},"author":16,"featured_media":0,"comment_status":"closed","ping_status":"open","sticky":false,"template":"","format":"standard","meta":{"footnotes":""},"categories":[1],"tags":[],"class_list":["post-6820","post","type-post","status-publish","format-standard","hentry","category-classe-cm2"],"_links":{"self":[{"href":"http:\/\/elem-granvelle-besancon.ac-besancon.fr\/index.php?rest_route=\/wp\/v2\/posts\/6820","targetHints":{"allow":["GET"]}}],"collection":[{"href":"http:\/\/elem-granvelle-besancon.ac-besancon.fr\/index.php?rest_route=\/wp\/v2\/posts"}],"about":[{"href":"http:\/\/elem-granvelle-besancon.ac-besancon.fr\/index.php?rest_route=\/wp\/v2\/types\/post"}],"author":[{"embeddable":true,"href":"http:\/\/elem-granvelle-besancon.ac-besancon.fr\/index.php?rest_route=\/wp\/v2\/users\/16"}],"replies":[{"embeddable":true,"href":"http:\/\/elem-granvelle-besancon.ac-besancon.fr\/index.php?rest_route=%2Fwp%2Fv2%2Fcomments&post=6820"}],"version-history":[{"count":18,"href":"http:\/\/elem-granvelle-besancon.ac-besancon.fr\/index.php?rest_route=\/wp\/v2\/posts\/6820\/revisions"}],"predecessor-version":[{"id":7687,"href":"http:\/\/elem-granvelle-besancon.ac-besancon.fr\/index.php?rest_route=\/wp\/v2\/posts\/6820\/revisions\/7687"}],"wp:attachment":[{"href":"http:\/\/elem-granvelle-besancon.ac-besancon.fr\/index.php?rest_route=%2Fwp%2Fv2%2Fmedia&parent=6820"}],"wp:term":[{"taxonomy":"category","embeddable":true,"href":"http:\/\/elem-granvelle-besancon.ac-besancon.fr\/index.php?rest_route=%2Fwp%2Fv2%2Fcategories&post=6820"},{"taxonomy":"post_tag","embeddable":true,"href":"http:\/\/elem-granvelle-besancon.ac-besancon.fr\/index.php?rest_route=%2Fwp%2Fv2%2Ftags&post=6820"}],"curies":[{"name":"wp","href":"https:\/\/api.w.org\/{rel}","templated":true}]}}