{"id":7835,"date":"2020-05-11T21:44:40","date_gmt":"2020-05-11T19:44:40","guid":{"rendered":"http:\/\/elem-granvelle-besancon.ac-besancon.fr\/?p=7835"},"modified":"2020-05-11T21:45:12","modified_gmt":"2020-05-11T19:45:12","slug":"reprise-18-mai-information-du-11-mai-2020","status":"publish","type":"post","link":"http:\/\/elem-granvelle-besancon.ac-besancon.fr\/?p=7835","title":{"rendered":"REPRISE 18 MAI information du 11 mai 2020"},"content":{"rendered":"<p><span style=\"color: #003300\"><strong>Bonjour,<\/strong><\/span><\/p>\n<p><span style=\"color: #003300\"><strong>Nous avons commenc\u00e9 la pr\u00e9paration de la reprise le 18 mai. Nous avons re\u00e7u dans la journ\u00e9e la liste des enfants prioritaires de la Mairie et ce soir le Guide de reprise de la Mairie qui doit nous servir de cadre g\u00e9n\u00e9ral pour r\u00e9diger le Protocole particulier de l&#8217;\u00e9cole. Nous l&#8217;enverrons d\u00e8s qu&#8217;il sera valid\u00e9 par la Mairie. Parall\u00e8lement, nous \u00e9laborons les listes des groupes d&#8217;\u00e9l\u00e8ves qui viendront \u00e0 partir de lundi, mardi &#8230;, pour informer\u00a0 au plus vite les familles.<\/strong><\/span><\/p>\n<p><strong>Vous aurez d&#8217;autres informations demain mardi 12 mai.<\/strong><\/p>\n<p><span style=\"color: #003300\"><strong>Recevez nos meilleures salutations.<\/strong><\/span><\/p>\n<p><span style=\"color: #003300\"><strong>L&#8217;\u00e9quipe enseignante<\/strong><\/span><\/p>\n","protected":false},"excerpt":{"rendered":"<p>Bonjour, Nous avons commenc\u00e9 la pr\u00e9paration de la reprise le 18 mai. Nous avons re\u00e7u dans la journ\u00e9e la liste des enfants prioritaires de la Mairie et ce soir le Guide de reprise de la Mairie qui doit nous servir &hellip; <a href=\"http:\/\/elem-granvelle-besancon.ac-besancon.fr\/?p=7835\">Continuer la lecture <span class=\"meta-nav\">&rarr;<\/span><\/a><\/p>\n","protected":false},"author":16,"featured_media":0,"comment_status":"closed","ping_status":"open","sticky":false,"template":"","format":"standard","meta":{"footnotes":""},"categories":[15,6,7,1,5,13,2,3,16,4],"tags":[],"class_list":["post-7835","post","type-post","status-publish","format-standard","hentry","category-apeeg","category-classe-ce1","category-classe-cm1","category-classe-cm2","category-classe-cp","category-conseils-d-ecole","category-infos-parents","category-les-classes","category-representants-des-parents-d-eleves","category-vie-de-l-ecole"],"_links":{"self":[{"href":"http:\/\/elem-granvelle-besancon.ac-besancon.fr\/index.php?rest_route=\/wp\/v2\/posts\/7835","targetHints":{"allow":["GET"]}}],"collection":[{"href":"http:\/\/elem-granvelle-besancon.ac-besancon.fr\/index.php?rest_route=\/wp\/v2\/posts"}],"about":[{"href":"http:\/\/elem-granvelle-besancon.ac-besancon.fr\/index.php?rest_route=\/wp\/v2\/types\/post"}],"author":[{"embeddable":true,"href":"http:\/\/elem-granvelle-besancon.ac-besancon.fr\/index.php?rest_route=\/wp\/v2\/users\/16"}],"replies":[{"embeddable":true,"href":"http:\/\/elem-granvelle-besancon.ac-besancon.fr\/index.php?rest_route=%2Fwp%2Fv2%2Fcomments&post=7835"}],"version-history":[{"count":1,"href":"http:\/\/elem-granvelle-besancon.ac-besancon.fr\/index.php?rest_route=\/wp\/v2\/posts\/7835\/revisions"}],"predecessor-version":[{"id":7836,"href":"http:\/\/elem-granvelle-besancon.ac-besancon.fr\/index.php?rest_route=\/wp\/v2\/posts\/7835\/revisions\/7836"}],"wp:attachment":[{"href":"http:\/\/elem-granvelle-besancon.ac-besancon.fr\/index.php?rest_route=%2Fwp%2Fv2%2Fmedia&parent=7835"}],"wp:term":[{"taxonomy":"category","embeddable":true,"href":"http:\/\/elem-granvelle-besancon.ac-besancon.fr\/index.php?rest_route=%2Fwp%2Fv2%2Fcategories&post=7835"},{"taxonomy":"post_tag","embeddable":true,"href":"http:\/\/elem-granvelle-besancon.ac-besancon.fr\/index.php?rest_route=%2Fwp%2Fv2%2Ftags&post=7835"}],"curies":[{"name":"wp","href":"https:\/\/api.w.org\/{rel}","templated":true}]}}