{"id":798,"date":"2018-09-28T11:00:59","date_gmt":"2018-09-28T09:00:59","guid":{"rendered":"http:\/\/missiontice.ac-besancon.fr\/ecole-auxon-dessus\/?p=798"},"modified":"2018-09-29T14:20:21","modified_gmt":"2018-09-29T12:20:21","slug":"ppms-cest-quoi","status":"publish","type":"post","link":"http:\/\/elem-granvelle-besancon.ac-besancon.fr\/?p=798","title":{"rendered":"PPMS\u202f?&#8230;\u202fC&#8217;est quoi\u202f?"},"content":{"rendered":"<p><b>PPMS = Plan Particulier de Mise en S\u00fbret\u00e9.<\/b><\/p>\n<p>Ce document concerne les risques majeurs dont nous pourrions \u00eatre victimes.<\/p>\n<p>Il est demand\u00e9 par le minist\u00e8re dans toutes les \u00e9coles.<\/p>\n<p><span style=\"text-decoration: underline\"><b>Qu&#8217;est-ce-qu&#8217;un risque majeur\u00a0?<\/b><\/span><\/p>\n<p>C&#8217;est un \u00e9v\u00e9nement d&#8217;origine naturelle (temp\u00eate, inondation, s\u00e9isme&#8230;), technologique (nuage toxique) ou humaine, qui peut causer de tr\u00e8s graves dommages \u00e0 un grand nombre de personnes, de biens et \u00e0 l&#8217;environnement.<\/p>\n<p>Par sa gravit\u00e9 et \/ ou son \u00e9tendue, il provoque une situation de crise et l&#8217;organisation des secours demande une tr\u00e8s importante mobilisation des personnes et des services, voire mobilisation de moyens exceptionnels.<\/p>\n<p>&#8230;&#8230;&#8230;&#8230;&#8230;&#8230;&#8230;&#8230;..<\/p>\n<p>&nbsp;<\/p>\n","protected":false},"excerpt":{"rendered":"<p>PPMS = Plan Particulier de Mise en S\u00fbret\u00e9. Ce document concerne les risques majeurs dont nous pourrions \u00eatre victimes. Il est demand\u00e9 par le minist\u00e8re dans toutes les \u00e9coles. Qu&#8217;est-ce-qu&#8217;un risque majeur\u00a0? C&#8217;est un \u00e9v\u00e9nement d&#8217;origine naturelle (temp\u00eate, inondation, s\u00e9isme&#8230;), &hellip; <a href=\"http:\/\/elem-granvelle-besancon.ac-besancon.fr\/?p=798\">Continuer la lecture <span class=\"meta-nav\">&rarr;<\/span><\/a><\/p>\n","protected":false},"author":16,"featured_media":0,"comment_status":"closed","ping_status":"open","sticky":false,"template":"","format":"standard","meta":{"footnotes":""},"categories":[2],"tags":[],"class_list":["post-798","post","type-post","status-publish","format-standard","hentry","category-infos-parents"],"_links":{"self":[{"href":"http:\/\/elem-granvelle-besancon.ac-besancon.fr\/index.php?rest_route=\/wp\/v2\/posts\/798","targetHints":{"allow":["GET"]}}],"collection":[{"href":"http:\/\/elem-granvelle-besancon.ac-besancon.fr\/index.php?rest_route=\/wp\/v2\/posts"}],"about":[{"href":"http:\/\/elem-granvelle-besancon.ac-besancon.fr\/index.php?rest_route=\/wp\/v2\/types\/post"}],"author":[{"embeddable":true,"href":"http:\/\/elem-granvelle-besancon.ac-besancon.fr\/index.php?rest_route=\/wp\/v2\/users\/16"}],"replies":[{"embeddable":true,"href":"http:\/\/elem-granvelle-besancon.ac-besancon.fr\/index.php?rest_route=%2Fwp%2Fv2%2Fcomments&post=798"}],"version-history":[{"count":2,"href":"http:\/\/elem-granvelle-besancon.ac-besancon.fr\/index.php?rest_route=\/wp\/v2\/posts\/798\/revisions"}],"predecessor-version":[{"id":1969,"href":"http:\/\/elem-granvelle-besancon.ac-besancon.fr\/index.php?rest_route=\/wp\/v2\/posts\/798\/revisions\/1969"}],"wp:attachment":[{"href":"http:\/\/elem-granvelle-besancon.ac-besancon.fr\/index.php?rest_route=%2Fwp%2Fv2%2Fmedia&parent=798"}],"wp:term":[{"taxonomy":"category","embeddable":true,"href":"http:\/\/elem-granvelle-besancon.ac-besancon.fr\/index.php?rest_route=%2Fwp%2Fv2%2Fcategories&post=798"},{"taxonomy":"post_tag","embeddable":true,"href":"http:\/\/elem-granvelle-besancon.ac-besancon.fr\/index.php?rest_route=%2Fwp%2Fv2%2Ftags&post=798"}],"curies":[{"name":"wp","href":"https:\/\/api.w.org\/{rel}","templated":true}]}}