{"id":9477,"date":"2020-06-04T09:05:28","date_gmt":"2020-06-04T07:05:28","guid":{"rendered":"http:\/\/elem-granvelle-besancon.ac-besancon.fr\/?p=9477"},"modified":"2020-06-04T09:10:00","modified_gmt":"2020-06-04T07:10:00","slug":"photo-de-classe-projet-propose-par-la-p-e-e-g","status":"publish","type":"post","link":"http:\/\/elem-granvelle-besancon.ac-besancon.fr\/?p=9477","title":{"rendered":"PHOTO DE CLASSE &#8230;.. Projet propos\u00e9 par l&#8217;A.P.E.E.G."},"content":{"rendered":"<p>Bonjour \u00e0 tous<\/p>\n<p>Les conditions actuelles ne permettent pas \u00e0 l\u2019APEEG (Association des parents d&#8217;\u00e9l\u00e8ves des Ecoles Granvelle) d\u2019organiser les diff\u00e9rents \u00e9v\u00e9nements festifs habituels (notamment la kermesse de fin d\u2019ann\u00e9e).<\/p>\n<p>Mais l\u2019APEEG se mobilise pour que les enfants puissent garder quand m\u00eame un bon souvenir de cette ann\u00e9e, m\u00eame s&#8217;ils ne vont plus se retrouver tous ensemble avant la fin de l&#8217;ann\u00e9e.<\/p>\n<p>Pour cela, nous vous proposons d\u2019envoyer une photo de votre enfant, afin que nous fassions un montage pour r\u00e9aliser la\u00a0traditionnelle photo de classe.<\/p>\n<p>L\u2019enfant doit \u00eatre\u00a0<b><u>entier<\/u><\/b>, il peut \u00eatre assis par terre en tailleur, debout, de face, ou encore appuy\u00e9 contre un mur de c\u00f4t\u00e9.( fond assez neutre , pas d\u2019\u00e9l\u00e9ment DEVANT l&#8217;enfant, comme un bureau etc) Nous enl\u00e8verons le fond de la photo et votre enfant sera ajout\u00e9 dans une case d&#8217;une structure en carton.<\/p>\n<p><span style=\"color: #ff0000\"><strong><a style=\"color: #ff0000\" href=\"http:\/\/elem-granvelle-besancon.ac-besancon.fr\/wp-content\/uploads\/sites\/15\/2020\/06\/essaiPhtotoClasse20x30.pdf\">EXEMPLE DE MOD\u00c8LE PHOTO DE CLASSE\u00a0 cliquez sur le lien<\/a><\/strong><\/span><\/p>\n<p>. Nous esp\u00e9rons que vous r\u00e9pondrez nombreux \u00e0 cette invitation, elle a en effet du sens que si tous les enfants sont sur cette photo virtuelle &#8230;.. Vous pouvez envoyer vos photos \u00e0 <b><a href=\"mailto:apeeg@laposte.net\" target=\"_blank\" rel=\"noopener noreferrer\">apeeg@laposte.net<\/a><\/b><\/p>\n<p>C&#8217;est un projet ambitieux et colossal en terme de travail pour nous.<\/p>\n<p>Pour\u00a0 une bonne organisation nous vous demandons d\u00e9j\u00e0 de nous envoyer cette photo\u00a0<u>assez rapidement<\/u><\/p>\n<p>et surtout\u00a0 de mettre dans le\u00a0<u>titre du mail<\/u>\u00a0contenant la photo de votre enfant :\u00a0<b>son nom, pr\u00e9nom et surtout la classe<\/b>\u00a0dans laquelle il est\u00a0 ( pour pouvoir nous r\u00e9partir le travail par classe et ne pas m\u00e9langer les enfants&#8230; pouvoir vous redemander un clich\u00e9 si celui envoy\u00e9 ne peut pas \u00eatre travaill\u00e9)<\/p>\n<p>La photo envoy\u00e9e ne servira que pour le montage de la photo de classe et sera effac\u00e9e ensuite. Le logiciel utilis\u00e9 ne garde pas de trace de ces photos. Vous pourrez ensuite acqu\u00e9rir la photo de classe comme les autres ann\u00e9es,\u00e0 un tarif similaire, et les b\u00e9n\u00e9fices permettront la r\u00e9alisation des projets des enseignants (sortie scolaire, achat de mat\u00e9riel pour le p\u00e9riscolaire\u2026).<\/p>\n<p>Le tirage photo sera r\u00e9alis\u00e9 par Bevalot photo, rue Moncey, afin de travailler avec les commer\u00e7ants du quartier. Nous n&#8217;avons pas voulu travailler avec des sites en ligne pour rester local et les b\u00e9n\u00e9fices seront du coup inf\u00e9rieurs mais le projet est plus concret.<\/p>\n<p>Merci d\u2019avance \u00e0 tous pour votre participation, en esp\u00e9rant que l&#8217;aventure vous s\u00e9duise.<\/p>\n<p>&nbsp;<\/p>\n<p><em>Les Membre de l&#8217;APEEG<\/em><\/p>\n<p><em>\u00a0<\/em><\/p>\n<p><em>Pour toute question, vous pouvez nous joindre par mail\u00a0<\/em><\/p>\n","protected":false},"excerpt":{"rendered":"<p>Bonjour \u00e0 tous Les conditions actuelles ne permettent pas \u00e0 l\u2019APEEG (Association des parents d&#8217;\u00e9l\u00e8ves des Ecoles Granvelle) d\u2019organiser les diff\u00e9rents \u00e9v\u00e9nements festifs habituels (notamment la kermesse de fin d\u2019ann\u00e9e). Mais l\u2019APEEG se mobilise pour que les enfants puissent garder &hellip; <a href=\"http:\/\/elem-granvelle-besancon.ac-besancon.fr\/?p=9477\">Continuer la lecture <span class=\"meta-nav\">&rarr;<\/span><\/a><\/p>\n","protected":false},"author":16,"featured_media":0,"comment_status":"closed","ping_status":"open","sticky":false,"template":"","format":"standard","meta":{"footnotes":""},"categories":[15,6,7,1,5,2,3,16,4],"tags":[],"class_list":["post-9477","post","type-post","status-publish","format-standard","hentry","category-apeeg","category-classe-ce1","category-classe-cm1","category-classe-cm2","category-classe-cp","category-infos-parents","category-les-classes","category-representants-des-parents-d-eleves","category-vie-de-l-ecole"],"_links":{"self":[{"href":"http:\/\/elem-granvelle-besancon.ac-besancon.fr\/index.php?rest_route=\/wp\/v2\/posts\/9477","targetHints":{"allow":["GET"]}}],"collection":[{"href":"http:\/\/elem-granvelle-besancon.ac-besancon.fr\/index.php?rest_route=\/wp\/v2\/posts"}],"about":[{"href":"http:\/\/elem-granvelle-besancon.ac-besancon.fr\/index.php?rest_route=\/wp\/v2\/types\/post"}],"author":[{"embeddable":true,"href":"http:\/\/elem-granvelle-besancon.ac-besancon.fr\/index.php?rest_route=\/wp\/v2\/users\/16"}],"replies":[{"embeddable":true,"href":"http:\/\/elem-granvelle-besancon.ac-besancon.fr\/index.php?rest_route=%2Fwp%2Fv2%2Fcomments&post=9477"}],"version-history":[{"count":3,"href":"http:\/\/elem-granvelle-besancon.ac-besancon.fr\/index.php?rest_route=\/wp\/v2\/posts\/9477\/revisions"}],"predecessor-version":[{"id":9484,"href":"http:\/\/elem-granvelle-besancon.ac-besancon.fr\/index.php?rest_route=\/wp\/v2\/posts\/9477\/revisions\/9484"}],"wp:attachment":[{"href":"http:\/\/elem-granvelle-besancon.ac-besancon.fr\/index.php?rest_route=%2Fwp%2Fv2%2Fmedia&parent=9477"}],"wp:term":[{"taxonomy":"category","embeddable":true,"href":"http:\/\/elem-granvelle-besancon.ac-besancon.fr\/index.php?rest_route=%2Fwp%2Fv2%2Fcategories&post=9477"},{"taxonomy":"post_tag","embeddable":true,"href":"http:\/\/elem-granvelle-besancon.ac-besancon.fr\/index.php?rest_route=%2Fwp%2Fv2%2Ftags&post=9477"}],"curies":[{"name":"wp","href":"https:\/\/api.w.org\/{rel}","templated":true}]}}